{"id":128,"date":"2016-06-09T15:17:15","date_gmt":"2016-06-09T13:17:15","guid":{"rendered":"http:\/\/www.gip-ecofor.org\/gicc\/2016\/06\/09\/acclimaterra-semaine-du-changement-climatique-du-9-au-13-mai-2016-2\/"},"modified":"2018-11-21T08:13:38","modified_gmt":"2018-11-21T07:13:38","slug":"acclimaterra-semaine-du-changement-climatique-du-9-au-13-mai-2016-2","status":"publish","type":"post","link":"http:\/\/www.gip-ecofor.org\/gicc\/?p=128","title":{"rendered":"AcclimaTerra : Semaine du changement climatique du 9 au 13 Mai 2016"},"content":{"rendered":"<p style=\"text-align: left;\"><span style=\"font-family: arial,helvetica,sans-serif; font-size: medium;\">Le  Comit\u00e9 AcclimaTerra a organis\u00e9, du 9 au 13 mai, des rencontres pour une nouvelle synth\u00e8se des connaissances  scientifiques sur le CHANGEMENT CLIMATIQUE dans la r\u00e9gion Aquitaine  Limousin Poitou-Charentes<\/span><\/p>\n<p style=\"text-align: center;\"><span style=\"font-family: arial,helvetica,sans-serif; font-size: small;\">Les d\u00e9bats ont eu lieu avec les membres du comit\u00e9 d&rsquo;AcclimaTerra<strong><\/strong><\/span><\/p>\n<p style=\"text-align: left;\"><span style=\"font-family: arial,helvetica,sans-serif; font-size: medium;\">Le  Comit\u00e9 AcclimaTerra a organis\u00e9, du 9 au 13 mai, des rencontres pour une nouvelle synth\u00e8se des connaissances  scientifiques sur le CHANGEMENT CLIMATIQUE dans la r\u00e9gion Aquitaine  Limousin Poitou-Charentes<\/span><\/p>\n<p style=\"text-align: center;\"><span style=\"font-family: arial,helvetica,sans-serif; font-size: small;\">Les d\u00e9bats ont eu lieu avec les membres du comit\u00e9 d&rsquo;AcclimaTerra<strong><\/strong><\/span><\/p>\n<div style=\"text-align: left;\"><span style=\"font-family: arial,helvetica,sans-serif; font-size: small;\">Cette  semaine a eu pour objectif d\u2019ouvrir  le dialogue entre les membres du  Comit\u00e9 et les acteurs sociaux  professionnels, les organismes  scientifiques et le grand public,  int\u00e9ress\u00e9s par la question du  Changement Climatique \u00e0 l\u2019\u00e9chelle locale.<\/span><\/div>\n<div style=\"text-align: left;\"><span style=\"font-family: arial,helvetica,sans-serif; font-size: small;\">Chaque a apport\u00e9 un \u00e9clairage  sur les enjeux du changement  climatique, a pr\u00e9sent\u00e9 la d\u00e9marche  d\u2019AcclimaTerra et a donn\u00e9 la parole  aux participants pour leurs  questions et suggestions.<\/span><\/div>\n<div style=\"text-align: left;\"><img fetchpriority=\"high\" decoding=\"async\" class=\"shrinkToFit\" style=\"display: block; margin-left: auto; margin-right: auto;\" src=\"http:\/\/www.gip-ecofor.org\/gicc\/wp-content\/uploads\/2016\/04\/affiche_orateurs.jpg\" alt=\"http:\/\/www.acclimaterra.fr\/uploads\/2016\/04\/affiche_orateurs.jpg\" height=\"460\" width=\"515\"><\/div>\n<p><span style=\"font-family: arial,helvetica,sans-serif; font-size: small;\">Pour plus d&rsquo;informations, n&rsquo;h\u00e9sitez pas \u00e0 visiter le site web<\/span> <span style=\"font-family: arial,helvetica,sans-serif;\"><span class=\"Object\" style=\"font-size: small;\"><span class=\"Object\"><a href=\"http:\/\/www.acclimaterra.fr\"><span class=\"moz-txt-link-abbreviated\">www.acclimaterra.fr<\/span><\/a><a class=\"moz-txt-link-abbreviated\" href=\"http:\/\/www.acclimaterra.fr\">.<\/a><\/span><\/span><\/span><\/p>\n","protected":false},"excerpt":{"rendered":"<p style=\"text-align: left;\"><span style=\"font-family: arial,helvetica,sans-serif; font-size: medium;\">Le  Comit\u00e9 AcclimaTerra a organis\u00e9, du 9 au 13 mai, des rencontres pour une nouvelle synth\u00e8se des connaissances  scientifiques sur le CHANGEMENT CLIMATIQUE dans la r\u00e9gion Aquitaine  Limousin Poitou-Charentes<\/span><\/p>\n<p style=\"text-align: center;\"><span style=\"font-family: arial,helvetica,sans-serif; font-size: small;\">Les d\u00e9bats ont eu lieu avec les membres du comit\u00e9 d&rsquo;AcclimaTerra<strong><\/strong><\/span><\/p>\n","protected":false},"author":1,"featured_media":125,"comment_status":"open","ping_status":"open","sticky":false,"template":"","format":"standard","meta":{"_monsterinsights_skip_tracking":false,"_monsterinsights_sitenote_active":false,"_monsterinsights_sitenote_note":"","_monsterinsights_sitenote_category":0,"footnotes":""},"categories":[4],"tags":[],"class_list":["post-128","post","type-post","status-publish","format-standard","has-post-thumbnail","hentry","category-non-classe-fr"],"_links":{"self":[{"href":"http:\/\/www.gip-ecofor.org\/gicc\/index.php?rest_route=\/wp\/v2\/posts\/128","targetHints":{"allow":["GET"]}}],"collection":[{"href":"http:\/\/www.gip-ecofor.org\/gicc\/index.php?rest_route=\/wp\/v2\/posts"}],"about":[{"href":"http:\/\/www.gip-ecofor.org\/gicc\/index.php?rest_route=\/wp\/v2\/types\/post"}],"author":[{"embeddable":true,"href":"http:\/\/www.gip-ecofor.org\/gicc\/index.php?rest_route=\/wp\/v2\/users\/1"}],"replies":[{"embeddable":true,"href":"http:\/\/www.gip-ecofor.org\/gicc\/index.php?rest_route=%2Fwp%2Fv2%2Fcomments&post=128"}],"version-history":[{"count":1,"href":"http:\/\/www.gip-ecofor.org\/gicc\/index.php?rest_route=\/wp\/v2\/posts\/128\/revisions"}],"predecessor-version":[{"id":295,"href":"http:\/\/www.gip-ecofor.org\/gicc\/index.php?rest_route=\/wp\/v2\/posts\/128\/revisions\/295"}],"wp:featuredmedia":[{"embeddable":true,"href":"http:\/\/www.gip-ecofor.org\/gicc\/index.php?rest_route=\/wp\/v2\/media\/125"}],"wp:attachment":[{"href":"http:\/\/www.gip-ecofor.org\/gicc\/index.php?rest_route=%2Fwp%2Fv2%2Fmedia&parent=128"}],"wp:term":[{"taxonomy":"category","embeddable":true,"href":"http:\/\/www.gip-ecofor.org\/gicc\/index.php?rest_route=%2Fwp%2Fv2%2Fcategories&post=128"},{"taxonomy":"post_tag","embeddable":true,"href":"http:\/\/www.gip-ecofor.org\/gicc\/index.php?rest_route=%2Fwp%2Fv2%2Ftags&post=128"}],"curies":[{"name":"wp","href":"https:\/\/api.w.org\/{rel}","templated":true}]}}