{"id":133,"date":"2016-06-09T15:26:13","date_gmt":"2016-06-09T13:26:13","guid":{"rendered":"http:\/\/www.gip-ecofor.org\/gicc\/2016\/06\/09\/forum-de-la-mer-4-au-8-mai-2016-a-el-jadida-maroc-2\/"},"modified":"2018-11-21T08:13:38","modified_gmt":"2018-11-21T07:13:38","slug":"forum-de-la-mer-4-au-8-mai-2016-a-el-jadida-maroc-2","status":"publish","type":"post","link":"http:\/\/www.gip-ecofor.org\/gicc\/?p=133","title":{"rendered":"Forum de la Mer, 4 au 8 Mai 2016 \u00e0 El Jadida (Maroc)"},"content":{"rendered":"<div class=\"container\">\n<h3 style=\"text-align: center;\"><span style=\"color: #000000;\"><strong>La&nbsp;4\u00e8me \u00e9dition du Forum de la Mer est termin\u00e9e !<\/strong><\/span><\/h3>\n<div style=\"text-align: left;\"><span style=\"color: #000000; font-family: arial,helvetica,sans-serif; font-size: small;\">La quatri\u00e8me&nbsp;\u00e9dition du Forum de la Mer&nbsp;s\u2019est achev\u00e9e avec succ\u00e8s.&nbsp;<\/span><\/div>\n<div style=\"text-align: left;\">\n<div><span style=\"font-family: arial,helvetica,sans-serif; font-size: small;\"><strong>Du 4 au 8 mai 2016 \u00e0 El Jadida<\/strong>,  des s\u00e9ances pl\u00e9ni\u00e8res, des ateliers d\u2019experts nationaux <\/p>\n<div class=\"container\">\n<h3 style=\"text-align: center;\"><span style=\"color: #000000;\"><strong>La&nbsp;4\u00e8me \u00e9dition du Forum de la Mer est termin\u00e9e !<\/strong><\/span><\/h3>\n<div style=\"text-align: left;\"><span style=\"color: #000000; font-family: arial,helvetica,sans-serif; font-size: small;\">La quatri\u00e8me&nbsp;\u00e9dition du Forum de la Mer&nbsp;s\u2019est achev\u00e9e avec succ\u00e8s.&nbsp;<\/span><\/div>\n<div style=\"text-align: left;\">\n<div><span style=\"font-family: arial,helvetica,sans-serif; font-size: small;\"><strong>Du 4 au 8 mai 2016 \u00e0 El Jadida<\/strong>,  des s\u00e9ances pl\u00e9ni\u00e8res, des ateliers d\u2019experts nationaux et  internationaux,  des conf\u00e9rences,&nbsp;mais  aussi des projections de films, des lectures  publiques, des  activit\u00e9s culturelles,  sportives, ludiques et \u00e9ducatives ont \u00e9t\u00e9  oragnis\u00e9s, en invitant les participants et le  grand public \u00e0 prendre  conscience de l\u2019immense  richesse de la Mer et du  Littoral, autour d\u2019une question&nbsp;:<\/span><\/div>\n<h4 class=\"blue\" style=\"text-align: center;\"><span style=\"font-family: arial,helvetica,sans-serif; font-size: small;\">\u00ab&nbsp;Le climat change. Et la Mer&nbsp;?&nbsp;\u00bb<\/span><\/h4>\n<\/div>\n<div style=\"text-align: center;\"><span style=\"color: #000000; font-family: arial,helvetica,sans-serif; font-size: small;\">&nbsp;<\/span><\/div>\n<p><span style=\"font-family: arial,helvetica,sans-serif; font-size: small; color: #000000;\"><\/span><\/p>\n<div style=\"text-align: left;\"><span style=\"color: #000000; font-family: arial,helvetica,sans-serif; font-size: small;\"> Apr\u00e8s quatre&nbsp;\u00e9ditions r\u00e9ussies, nous \u0153uvrons avec autant de  d\u00e9termination et de passion pour que le Forum de la Mer continue \u00e0 \u00eatre  un \u00e9v\u00e9nement international d\u2019envergure et de qualit\u00e9, et esp\u00e9rons vous  vous revoir \u00e0 El Jadida pour <strong>la 5e \u00e9dition qui se tiendra du 3 au 7 mai 2017<\/strong> !<\/span><\/div>\n<div style=\"text-align: left;\"><span style=\"color: #014171;\">&nbsp;<\/span><\/div>\n<div style=\"text-align: left;\"><span style=\"color: #000000; font-size: small; font-family: arial,helvetica,sans-serif;\">Nous vous invitons \u00e0 <strong>d\u00e9couvrir<\/strong> <strong>prochainement<\/strong> le bilan g\u00e9n\u00e9ral de cette quatri\u00e8me&nbsp;\u00e9dition, les retomb\u00e9es m\u00e9dia,  l\u2019Appel du Forum de la Mer pour la COP22 et le reportage vid\u00e9o de la  quatri\u00e8me&nbsp;\u00e9dition du Forum de la Mer.&nbsp;&nbsp;<\/span><\/div>\n<\/div>\n<div style=\"text-align: left;\"><span style=\"color: #000000; font-size: small; font-family: arial,helvetica,sans-serif;\">En attendant, vous pouvez d\u2019ores et d\u00e9j\u00e0 consulter notre <a href=\"http:\/\/www.forumdelamer.org\/galerie\/forum-de-mer-quatrieme-edition\/\">galerie photos<\/a>&nbsp;et d\u00e9couvrir <a href=\"http:\/\/www.forumdelamer.org\/blog\/2016\/05\/19\/concours-photo-climat-change-mer\/\">les gagnants de notre concours photo<\/a>&nbsp;\u00ab Le climat change. Et moi&nbsp;? \u00bb<\/span><\/div>\n<h2 class=\"blue col-md-12\" style=\"margin-bottom: 25px;\"><strong>Ateliers<\/strong><\/h2>\n<div class=\"row text-center\">\n<ul class=\"list-inline ateliers\">\n<li class=\"col-xs-12 col-sm-6 col-md-3 col-lg-3\"><a href=\"http:\/\/www.forumdelamer.org\/ateliers_et_conferences\/atelier-1-changer-nos-modeles-economiques\/\"><img decoding=\"async\" class=\"size-full wp-image-3574 alignnone\" src=\"http:\/\/www.gip-ecofor.org\/gicc\/wp-content\/uploads\/2016\/06\/atelier1.jpg\" alt=\"atelier1\" height=\"170\" width=\"271\"><\/a>\n<div class=\"title\">Changer nos mod\u00e8les<br \/> \u00e9conomiques<\/div>\n<\/li>\n<li class=\"col-xs-12 col-sm-6 col-md-3 col-lg-3\"><a href=\"http:\/\/www.forumdelamer.org\/ateliers_et_conferences\/atelier-2-changer-nos-facons-dechanger\/\"><img decoding=\"async\" class=\"size-full wp-image-3575 alignnone\" src=\"http:\/\/www.gip-ecofor.org\/gicc\/wp-content\/uploads\/2016\/06\/atelier2.jpg\" alt=\"atelier2\" height=\"170\" width=\"271\"><\/a>\n<div class=\"title\">Changer nos fa\u00e7ons<br \/> d\u2019\u00e9changer<\/div>\n<\/li>\n<li class=\"col-xs-12 col-sm-6 col-md-3 col-lg-3\"><a href=\"http:\/\/www.forumdelamer.org\/ateliers_et_conferences\/atelier-3-changer-nos-littoraux\/\"><img decoding=\"async\" class=\"size-full wp-image-3576 alignnone\" src=\"http:\/\/www.gip-ecofor.org\/gicc\/wp-content\/uploads\/2016\/06\/atelier3.jpeg\" alt=\"atelier3\" height=\"170\" width=\"271\"><\/a>\n<div class=\"title\">Changer<br \/> nos&nbsp;littoraux<\/div>\n<\/li>\n<li class=\"col-xs-12 col-sm-6 col-md-4 col-lg-3\"><a href=\"http:\/\/www.forumdelamer.org\/ateliers_et_conferences\/atelier-4-changer-nos-modes-de-gouvernance\/\"><img loading=\"lazy\" decoding=\"async\" class=\"size-full wp-image-3577 alignnone\" src=\"http:\/\/www.gip-ecofor.org\/gicc\/wp-content\/uploads\/2016\/06\/atelier4.jpg\" alt=\"atelier4\" height=\"170\" width=\"271\"><\/a>\n<div class=\"title\">Changer nos modes de gouvernance<\/div>\n<\/li>\n<\/ul>\n<\/div>\n<p style=\"text-align: center;\"><strong>&nbsp;<span style=\"font-family: arial,helvetica,sans-serif; font-size: medium;\">Missions<\/span><\/strong><\/p>\n<p>&nbsp;<\/p>\n<div class=\"entry-content\">\n<p><span style=\"font-family: arial,helvetica,sans-serif; font-size: small;\"><em>\u00ab&nbsp;Homme libre, toujours tu ch\u00e9riras la mer&nbsp;\u00bb<\/em> \u2013 Charles Baudelaire<\/span><\/p>\n<p><span style=\"font-family: arial,helvetica,sans-serif; font-size: small;\">Le Forum de la Mer est une rencontre internationale de r\u00e9f\u00e9rence pour <strong>l\u2019\u00e9change<\/strong> et <strong>le d\u00e9bat<\/strong> en vue de proposer et d\u2019accompagner <strong>la mise en \u0153uvre de solutions concr\u00e8tes et durables pour le d\u00e9veloppement<\/strong>, <strong>la promotion et la pr\u00e9servation des zones littorales<\/strong>.<\/span><\/p>\n<p><span style=\"font-family: arial,helvetica,sans-serif; font-size: small;\">Ses missions sont de :<\/span><\/p>\n<ul>\n<li><span style=\"font-family: arial,helvetica,sans-serif; font-size: small;\"><strong>Favoriser l\u2019int\u00e9gration<\/strong> de la notion de<strong> D\u00e9veloppement Durable<\/strong> dans les strat\u00e9gies de d\u00e9veloppement des zones littorales,<\/span><\/li>\n<li><span style=\"font-family: arial,helvetica,sans-serif; font-size: small;\"><strong>Cr\u00e9er<\/strong> un <strong>espace d\u2019\u00e9change<\/strong> et <strong>tisser des r\u00e9seaux<\/strong> entre toutes les parties prenantes : institutionnels, autorit\u00e9s locales, acteurs \u00e9conomiques et sociaux, experts, m\u00e9dias \u2026<\/span><\/li>\n<li><span style=\"font-family: arial,helvetica,sans-serif; font-size: small;\">Proposer des <strong>solutions concr\u00e8tes <\/strong>\u00e0 des probl\u00e9matiques locales, \u00e0 travers les \u00e9changes internationaux de<strong>&nbsp;bonnes pratiques,<\/strong><\/span><\/li>\n<li><span style=\"font-family: arial,helvetica,sans-serif; font-size: small;\"><strong>Promouvoir les projets et initiatives marocains<\/strong> pour le d\u00e9veloppement durable de la Mer et du Littoral,<\/span><\/li>\n<li><span style=\"font-family: arial,helvetica,sans-serif; font-size: small;\"><strong>Sensibiliser le grand public<\/strong> \u00e0 la richesse et \u00e0 la  fragilit\u00e9 de l\u2019environnement marin et c\u00f4tier,  par des activit\u00e9s  culturelles, sportives et ludo-\u00e9ducatives.<\/span><\/li>\n<li><span style=\"font-family: arial,helvetica,sans-serif; font-size: small;\"><strong>Communiquer<\/strong> autour du <strong>Forum de la Mer<\/strong> et de ses <strong>partenaires<\/strong>.<\/span><\/li>\n<\/ul>\n<\/div>\n","protected":false},"excerpt":{"rendered":"<div class=\"container\">\n<h3 style=\"text-align: center;\"><span style=\"color: #000000;\"><strong>La&nbsp;4\u00e8me \u00e9dition du Forum de la Mer est termin\u00e9e !<\/strong><\/span><\/h3>\n<div style=\"text-align: left;\"><span style=\"color: #000000; font-family: arial,helvetica,sans-serif; font-size: small;\">La quatri\u00e8me&nbsp;\u00e9dition du Forum de la Mer&nbsp;s\u2019est achev\u00e9e avec succ\u00e8s.&nbsp;<\/span><\/div>\n<div style=\"text-align: left;\">\n<div><span style=\"font-family: arial,helvetica,sans-serif; font-size: small;\"><strong>Du 4 au 8 mai 2016 \u00e0 El Jadida<\/strong>,  des s\u00e9ances pl\u00e9ni\u00e8res, des ateliers d\u2019experts nationaux <\/p>\n","protected":false},"author":1,"featured_media":129,"comment_status":"open","ping_status":"open","sticky":false,"template":"","format":"standard","meta":{"_monsterinsights_skip_tracking":false,"_monsterinsights_sitenote_active":false,"_monsterinsights_sitenote_note":"","_monsterinsights_sitenote_category":0,"footnotes":""},"categories":[4],"tags":[],"class_list":["post-133","post","type-post","status-publish","format-standard","has-post-thumbnail","hentry","category-non-classe-fr"],"_links":{"self":[{"href":"http:\/\/www.gip-ecofor.org\/gicc\/index.php?rest_route=\/wp\/v2\/posts\/133","targetHints":{"allow":["GET"]}}],"collection":[{"href":"http:\/\/www.gip-ecofor.org\/gicc\/index.php?rest_route=\/wp\/v2\/posts"}],"about":[{"href":"http:\/\/www.gip-ecofor.org\/gicc\/index.php?rest_route=\/wp\/v2\/types\/post"}],"author":[{"embeddable":true,"href":"http:\/\/www.gip-ecofor.org\/gicc\/index.php?rest_route=\/wp\/v2\/users\/1"}],"replies":[{"embeddable":true,"href":"http:\/\/www.gip-ecofor.org\/gicc\/index.php?rest_route=%2Fwp%2Fv2%2Fcomments&post=133"}],"version-history":[{"count":1,"href":"http:\/\/www.gip-ecofor.org\/gicc\/index.php?rest_route=\/wp\/v2\/posts\/133\/revisions"}],"predecessor-version":[{"id":294,"href":"http:\/\/www.gip-ecofor.org\/gicc\/index.php?rest_route=\/wp\/v2\/posts\/133\/revisions\/294"}],"wp:featuredmedia":[{"embeddable":true,"href":"http:\/\/www.gip-ecofor.org\/gicc\/index.php?rest_route=\/wp\/v2\/media\/129"}],"wp:attachment":[{"href":"http:\/\/www.gip-ecofor.org\/gicc\/index.php?rest_route=%2Fwp%2Fv2%2Fmedia&parent=133"}],"wp:term":[{"taxonomy":"category","embeddable":true,"href":"http:\/\/www.gip-ecofor.org\/gicc\/index.php?rest_route=%2Fwp%2Fv2%2Fcategories&post=133"},{"taxonomy":"post_tag","embeddable":true,"href":"http:\/\/www.gip-ecofor.org\/gicc\/index.php?rest_route=%2Fwp%2Fv2%2Ftags&post=133"}],"curies":[{"name":"wp","href":"https:\/\/api.w.org\/{rel}","templated":true}]}}