{"id":153,"date":"2016-12-15T11:59:27","date_gmt":"2016-12-15T10:59:27","guid":{"rendered":"http:\/\/www.gip-ecofor.org\/gicc\/2016\/12\/15\/presentation-3\/"},"modified":"2018-11-21T09:13:58","modified_gmt":"2018-11-21T08:13:58","slug":"presentation-3","status":"publish","type":"post","link":"http:\/\/www.gip-ecofor.org\/gicc\/?p=153","title":{"rendered":"Pr\u00e9sentation"},"content":{"rendered":"<p>&nbsp;<\/p>\n<p class=\"MsoNormal\" style=\"margin-bottom: 6pt; text-align: left;\"><span style=\"font-size: medium;\"><strong><span style=\"color: #ff0000;\">L&rsquo;APR GICC pour les projets inf\u00e9rieurs \u00e0 100k\u20ac s&rsquo;est termin\u00e9 le 15 octobre 2016 \u00e0 13h<\/span><\/strong><\/span><\/p>\n<p>&nbsp;<\/p>\n<p class=\"MsoNormal\" style=\"margin-bottom: 6pt; text-align: left;\"><span style=\"font-size: medium;\"><strong><span style=\"color: #ff0000;\">L&rsquo;APR GICC pour les projets inf\u00e9rieurs \u00e0 100k\u20ac s&rsquo;est termin\u00e9 le 15 octobre 2016 \u00e0 13h<\/span><\/strong><\/span><\/p>\n<p class=\"MsoNormal\" style=\"margin-bottom: 6.0pt; text-align: center; mso-pagination: none;\"><span style=\"font-family: arial,helvetica,sans-serif;\"><strong><span style=\"font-size: 13pt;\">APR GICC 2016 \u00ab\u00a0L\u2019adaptation au changement climatique dans la transition \u00e9cologique\u00a0\u00bb<\/span><\/strong><\/span><\/p>\n<p class=\"MsoNormal\" style=\"margin-bottom: 6.0pt; text-align: center; mso-pagination: none;\"><span style=\"font-size: 11pt; font-family: arial,helvetica,sans-serif;\"><span style=\"color: #ff0000;\">Nouveau : les questions les plus r\u00e9currentes ont \u00e9t\u00e9 r\u00e9unies dans un fichier \u00ab\u00a0foire aux questions\u00a0\u00bb t\u00e9l\u00e9chargeable<\/span> <a href=\"http:\/\/www.gip-ecofor.org\/gicc\/wp-content\/uploads\/2016\/12\/FAQ.pdf\">ici<\/a> <span style=\"color: #ff0000;\">au format .pdf<\/span>.<br \/>\n<\/span><\/p>\n<p class=\"MsoNormal\" style=\"text-align: justify; line-height: 115%;\"><span style=\"font-size: small; line-height: 115%; font-family: arial,helvetica,sans-serif;\">Le programme de recherche GICC lance son 11<sup>\u00e8me<\/sup> appel \u00e0 propositions de recherche sur le th\u00e8me de <strong><em>\u00ab\u00a0l\u2019adaptation au changement climatique dans la transition \u00e9cologique\u00a0\u00bb. <\/em><\/strong>Cet appel se positionne dans la dynamique de l\u2019accord de Paris conclu fin 2015 dans le cadre de la 21<sup>e<\/sup> Conf\u00e9rence des parties de la Convention-cadre des Nations Unies sur le changement climatique.<\/span><\/p>\n<p class=\"MsoNormal\" style=\"text-align: justify; line-height: 115%;\"><span style=\"font-family: arial,helvetica,sans-serif; font-size: small;\"><strong><em><span style=\"line-height: 115%;\">\u00a0<\/span><\/em><\/strong><\/span><\/p>\n<p class=\"MsoNormal\" style=\"text-align: justify; line-height: 115%;\"><span style=\"font-family: arial,helvetica,sans-serif; font-size: small;\"><strong><span style=\"line-height: 115%;\">L\u2019APR GICC 2016 est plus particuli\u00e8rement focalis\u00e9 sur des recherches sur l\u2019adaptation au changement climatique, notamment dans ses d\u00e9clinaisons et sp\u00e9cificit\u00e9s territoriales.<\/span><\/strong><span style=\"line-height: 115%;\">\u00a0<\/span><\/span><\/p>\n<p class=\"MsoNormal\" style=\"text-align: justify; line-height: 115%;\"><span style=\"font-size: small; line-height: 115%; font-family: arial,helvetica,sans-serif;\">L\u2019adaptation au changement climatique est consid\u00e9r\u00e9e pour cet appel dans une conception \u00e9largie \u00e0 l\u2019adaptation aux changements globaux. L&rsquo;appel vise \u00e0 promouvoir les recherches qui s\u2019int\u00e9ressent aux changements d\u2019\u00e9chelles spatiales et temporelles, requis pour penser les politiques d\u2019adaptation au changement climatique dans le contexte de la politique de transition \u00e9cologique et du nouveau plan d&rsquo;adaptation au changement climatique. <\/span><\/p>\n<p class=\"MsoNormal\" style=\"text-align: justify; line-height: 115%;\"><span style=\"font-size: small; line-height: 115%; font-family: arial,helvetica,sans-serif;\">\u00a0<\/span><\/p>\n<p class=\"MsoNormal\" style=\"text-align: justify; line-height: 115%;\"><span style=\"font-family: arial,helvetica,sans-serif; font-size: small;\"><strong style=\"mso-bidi-font-weight: normal;\"><span style=\"line-height: 115%;\">Cet appel \u00e0 projet r\u00e9sulte d&rsquo;un partenariat sp\u00e9cifique entre le Minist\u00e8re de l\u2019environnement, de l\u2019\u00e9nergie et de la mer (MEEM) et l&rsquo;Agence de l&rsquo;environnement et de la ma\u00eetrise de l&rsquo;\u00e9nergie (ADEME), et d\u2019une consultation de l&rsquo;Agence nationale de la recherche (ANR) (<a href=\"http:\/\/www.agence-nationale-recherche.fr\/AAPG2017\">http:\/\/www.agence-nationale-recherche.fr\/AAPG2017<\/a> ou <a href=\"http:\/\/www.gip-ecofor.org\/gicc\/wp-content\/uploads\/2016\/12\/aap-generique-anr-2017.pdf\">http:\/\/www.agence-nationale-recherche.fr\/fileadmin\/aap\/2017\/aap-generique-anr-2017.pdf<\/a>).<\/span><\/strong><\/span><\/p>\n<p class=\"MsoNormal\" style=\"margin-bottom: 6.0pt; text-align: center;\"><span style=\"font-family: arial,helvetica,sans-serif; font-size: small;\"><strong style=\"mso-bidi-font-weight: normal;\">\u00a0<\/strong><\/span><\/p>\n<div style=\"mso-element: para-border-div; border: solid windowtext 1.0pt; mso-border-alt: solid windowtext .5pt; padding: 1.0pt 4.0pt 1.0pt 4.0pt;\">\n<p class=\"MsoNormal\" style=\"margin-bottom: 6.0pt; text-align: center; border: none; mso-border-alt: solid windowtext .5pt; padding: 0cm; mso-padding-alt: 1.0pt 4.0pt 1.0pt 4.0pt;\"><span style=\"font-family: arial,helvetica,sans-serif; font-size: small;\"><strong style=\"mso-bidi-font-weight: normal;\">Calendrier<\/strong><\/span><\/p>\n<p class=\"MsoNormal\" style=\"margin-bottom: 6.0pt; text-align: center; border: none; mso-border-alt: solid windowtext .5pt; padding: 0cm; mso-padding-alt: 1.0pt 4.0pt 1.0pt 4.0pt;\"><span style=\"font-size: small; font-family: arial,helvetica,sans-serif;\">Date d\u2019ouverture\u00a0: 13 Juillet 2016<\/span><\/p>\n<p class=\"MsoNormal\" style=\"margin-bottom: 6.0pt; text-align: center; border: none; mso-border-alt: solid windowtext .5pt; padding: 0cm; mso-padding-alt: 1.0pt 4.0pt 1.0pt 4.0pt;\"><span style=\"font-size: small; font-family: arial,helvetica,sans-serif;\">Date de cl\u00f4ture\u00a0: 15 Octobre 2016<\/span><\/p>\n<\/div>\n<p class=\"MsoNormal\" style=\"margin-bottom: 6.0pt; text-align: justify;\"><span style=\"font-size: small; font-family: arial,helvetica,sans-serif;\">\u00a0<\/span><\/p>\n<div style=\"mso-element: para-border-div; border: solid windowtext 1.0pt; mso-border-alt: solid windowtext .5pt; padding: 1.0pt 1.0pt 1.0pt 1.0pt;\">\n<p class=\"MsoNormal\" style=\"margin-bottom: 6.0pt; text-align: center; border: none; mso-border-alt: solid windowtext .5pt; padding: 0cm; mso-padding-alt: 1.0pt 1.0pt 1.0pt 1.0pt;\"><span style=\"font-family: arial,helvetica,sans-serif; font-size: small;\"><strong style=\"mso-bidi-font-weight: normal;\">Contacts<\/strong><\/span><\/p>\n<p class=\"MsoNormal\" style=\"text-align: center; border: none; mso-border-alt: solid windowtext .5pt; padding: 0cm; mso-padding-alt: 1.0pt 1.0pt 1.0pt 1.0pt; margin: 6.0pt 0cm 6.0pt 0cm;\"><span style=\"font-family: arial,helvetica,sans-serif; font-size: small;\"><strong style=\"mso-bidi-font-weight: normal;\">Maurice Imbard<\/strong> (MEEM, charg\u00e9 de mission, responsable du programme GICC)<br \/>\n<a href=\"mailto:maurice.imbard@developpement-durable.gouv.fr\">maurice.imbard@developpement-durable.gouv.fr<\/a> &#8211; 01 40 81 33 32<\/span><\/p>\n<p class=\"MsoNormal\" style=\"text-align: center; border: none; mso-border-alt: solid windowtext .5pt; padding: 0cm; mso-padding-alt: 1.0pt 1.0pt 1.0pt 1.0pt; margin: 6.0pt 0cm 6.0pt 0cm;\"><span style=\"font-family: arial,helvetica,sans-serif; font-size: small;\"><strong style=\"mso-bidi-font-weight: normal;\">Annabelle Amm<\/strong> (GIP-Ecofor, animatrice scientifique)<br \/>\n<a href=\"mailto:annabelle.amm@gip-ecofor.org\">annabelle.amm@gip-ecofor.org<\/a> \u2013 01 53 70 20 15 (\u00e0 partir du 11 octobre <strong>04 32 72 29 73<\/strong>)<br \/>\n<\/span><\/p>\n<\/div>\n<p class=\"MsoNormal\" style=\"margin-bottom: 6.0pt; text-align: justify;\"><span style=\"font-family: arial,helvetica,sans-serif; font-size: small;\">\u00a0<\/span><\/p>\n<p class=\"MsoNormal\" style=\"margin-bottom: 6.0pt; text-align: justify;\"><strong><span style=\"font-family: arial,helvetica,sans-serif; font-size: small;\">T\u00e9l\u00e9charger le <a href=\"http:\/\/www.gip-ecofor.org\/gicc\/wp-content\/uploads\/2016\/12\/Appel-proposition-recherche-GICC-2016.pdf\">texte de l\u2019appel \u00e0 proposition de recherche GICC 2016<\/a>\u00a0<\/span><\/strong><\/p>\n<p class=\"MsoNormal\" style=\"margin-bottom: 6.0pt; text-align: justify;\"><strong><span style=\"font-family: arial,helvetica,sans-serif; font-size: small;\">T\u00e9l\u00e9charger le <a href=\"http:\/\/www.gip-ecofor.org\/gicc\/wp-content\/uploads\/2016\/12\/Dossier-de-candidature-APR-GICC-2016.doc\">dossier de candidature des projets GICC 2016<\/a>\u00a0<\/span><\/strong><\/p>\n<p class=\"MsoNormal\" style=\"margin-bottom: 6.0pt; text-align: justify;\"><span style=\"font-size: small; font-family: arial,helvetica,sans-serif; color: #ff0000;\"><strong>A consulter : Conditions de financements<\/strong><\/span><\/p>\n<p class=\"MsoNormal\" style=\"margin-bottom: 6.0pt; text-align: justify;\"><strong><span style=\"font-size: small; font-family: arial,helvetica,sans-serif;\">T\u00e9l\u00e9charger les<a href=\"http:\/\/www.gip-ecofor.org\/gicc\/wp-content\/uploads\/2016\/12\/Conditions-financement-ADEME-APR-GICC.pdf\"> conditions de financement des projets GICC 2016<\/a><\/span><\/strong><\/p>\n<p class=\"Default\"><span style=\"font-family: arial,helvetica,sans-serif; font-size: small;\"><strong>Nous vous invitons \u00e0 consulter le site internet de l\u2019ADEME sur le syst\u00e8me d\u2019aides RDI\u00a0: <a href=\"http:\/\/www.ademe.fr\/recherche-innovation\/financer-theses-recherche-linnovation\/systeme-daide-rdi\">http:\/\/www.ademe.fr\/recherche-innovation\/financer-theses-recherche-linnovation\/systeme-daide-rdi<\/a><\/strong><\/span><\/p>\n<p>&nbsp;<\/p>\n<p class=\"MsoNormal\" style=\"margin-bottom: 6.0pt; text-align: justify;\"><span style=\"font-family: arial,helvetica,sans-serif;\"><strong><span style=\"font-size: 11pt;\">\u00a0<\/span><\/strong><\/span><\/p>\n","protected":false},"excerpt":{"rendered":"<p>&nbsp;<\/p>\n<p class=\"MsoNormal\" style=\"margin-bottom: 6pt; text-align: left;\">&nbsp;<\/p>\n<p class=\"MsoNormal\" style=\"margin-bottom: 6pt; text-align: left;\"><span style=\"font-size: medium;\"><strong><span style=\"color: #ff0000;\">L&rsquo;APR GICC pour les projets inf\u00e9rieurs \u00e0 100k\u20ac s&rsquo;est termin\u00e9 le 15 octobre 2016 \u00e0 13h<\/span><\/strong><\/span><\/p>\n<p class=\"MsoNormal\" style=\"margin-bottom: 6.0pt; text-align: center; mso-pagination: none;\">&nbsp;<\/p>\n","protected":false},"author":1,"featured_media":0,"comment_status":"open","ping_status":"open","sticky":false,"template":"","format":"standard","meta":{"_monsterinsights_skip_tracking":false,"_monsterinsights_sitenote_active":false,"_monsterinsights_sitenote_note":"","_monsterinsights_sitenote_category":0,"footnotes":""},"categories":[19,23],"tags":[],"class_list":["post-153","post","type-post","status-publish","format-standard","hentry","category-apr","category-apr-2016"],"_links":{"self":[{"href":"http:\/\/www.gip-ecofor.org\/gicc\/index.php?rest_route=\/wp\/v2\/posts\/153","targetHints":{"allow":["GET"]}}],"collection":[{"href":"http:\/\/www.gip-ecofor.org\/gicc\/index.php?rest_route=\/wp\/v2\/posts"}],"about":[{"href":"http:\/\/www.gip-ecofor.org\/gicc\/index.php?rest_route=\/wp\/v2\/types\/post"}],"author":[{"embeddable":true,"href":"http:\/\/www.gip-ecofor.org\/gicc\/index.php?rest_route=\/wp\/v2\/users\/1"}],"replies":[{"embeddable":true,"href":"http:\/\/www.gip-ecofor.org\/gicc\/index.php?rest_route=%2Fwp%2Fv2%2Fcomments&post=153"}],"version-history":[{"count":2,"href":"http:\/\/www.gip-ecofor.org\/gicc\/index.php?rest_route=\/wp\/v2\/posts\/153\/revisions"}],"predecessor-version":[{"id":385,"href":"http:\/\/www.gip-ecofor.org\/gicc\/index.php?rest_route=\/wp\/v2\/posts\/153\/revisions\/385"}],"wp:attachment":[{"href":"http:\/\/www.gip-ecofor.org\/gicc\/index.php?rest_route=%2Fwp%2Fv2%2Fmedia&parent=153"}],"wp:term":[{"taxonomy":"category","embeddable":true,"href":"http:\/\/www.gip-ecofor.org\/gicc\/index.php?rest_route=%2Fwp%2Fv2%2Fcategories&post=153"},{"taxonomy":"post_tag","embeddable":true,"href":"http:\/\/www.gip-ecofor.org\/gicc\/index.php?rest_route=%2Fwp%2Fv2%2Ftags&post=153"}],"curies":[{"name":"wp","href":"https:\/\/api.w.org\/{rel}","templated":true}]}}