{"id":155,"date":"2017-01-04T17:53:45","date_gmt":"2017-01-04T16:53:45","guid":{"rendered":"http:\/\/www.gip-ecofor.org\/gicc\/2017\/01\/04\/assises-europeennes-de-la-transition-energetique\/"},"modified":"2018-11-21T08:12:15","modified_gmt":"2018-11-21T07:12:15","slug":"assises-europeennes-de-la-transition-energetique","status":"publish","type":"post","link":"http:\/\/www.gip-ecofor.org\/gicc\/?p=155","title":{"rendered":"Assises europ\u00e9ennes de la transition \u00e9nerg\u00e9tique"},"content":{"rendered":"<p style=\"text-align: center;\"><span style=\"font-size: medium; color: #ff0000;\"><strong>Assises europ\u00e9ennes de la transition \u00e9nerg\u00e9tique 2017<\/strong><\/span><\/p>\n<p style=\"text-align: center;\"><span style=\"font-size: medium; color: #ff0000;\">Bordeaux, 24-25-26 janvier 2017<\/span><\/p>\n<p><a href=\"https:\/\/www.assises-energie.net\/\">Site&nbsp; internet de l&rsquo;\u00e9v\u00e8nement<\/a>.<\/p>\n<p>&nbsp;<\/p>\n<p style=\"text-align: center;\"><span style=\"font-size: medium; color: #ff0000;\"><strong>Assises europ\u00e9ennes de la transition \u00e9nerg\u00e9tique 2017<\/strong><\/span><\/p>\n<p style=\"text-align: center;\"><span style=\"font-size: medium; color: #ff0000;\">Bordeaux, 24-25-26 janvier 2017<\/span><\/p>\n<p><a href=\"https:\/\/www.assises-energie.net\/\">Site&nbsp; internet de l&rsquo;\u00e9v\u00e8nement<\/a>.<\/p>\n<p>&nbsp;<\/p>\n<p><span style=\"font-size: small;\">Les 24, 25 et 26 janvier 2017 se tiennent \u00e0 Bordeaux, les Assises Europ\u00e9ennes de la Transition Energ\u00e9tique. Pr\u00e8s de 3000 congressistes, venus de toute l\u2019Europe \u2013\u00e9lus locaux, techniciens territoriaux, associations, chercheurs et citoyens, sont attendus au Palais des Congr\u00e8s pour d\u00e9battre et partager leurs exp\u00e9riences sur le th\u00e8me \u00ab Transitions : un champ des possibles pour les territoires \u00bb. En tant que premier temps fort europ\u00e9en des acteurs territoriaux sur le th\u00e8me de la transition \u00e9nerg\u00e9tique de l\u2019apr\u00e8s -COP 22, les Assises 2017 reviendront sur l\u2019entr\u00e9e en vigueur de l\u2019Accord de Paris, sa traduction \u00e0 l\u2019\u00e9chelle locale, r\u00e9gionale et europ\u00e9enne, ainsi que sur le r\u00f4le essentiel des territoires dans sa mise en \u0153uvre en pr\u00e9sence de nombreux grands t\u00e9moins. Transport, urbanisme, agriculture, \u00e9conomie, nouvelles technologies, gestion des syst\u00e8mes d\u2019information, nouvelles solidarit\u00e9s et coop\u00e9ration : le programme des Assises promet \u00e9galement d\u2019aborder les grandes tendances de transformation de la soci\u00e9t\u00e9 et les enjeux rencontr\u00e9s par les collectivit\u00e9s \u00e0 travers plus d\u2019une centaine d\u2019ateliers, forums et laboratoires d\u2019id\u00e9es. Enfin, le carrefour des m\u00e9tiers de la transition \u00e9nerg\u00e9tique \u2013 \u00ab \u00e9v\u00e9nement dans l\u2019\u00e9v\u00e9nement \u00bb mettra en avant les fili\u00e8res et m\u00e9tiers \u00e9mergents dans le secteur de l\u2019\u00e9nergie et d\u00e9montrera que l\u2019efficacit\u00e9 \u00e9nerg\u00e9tique et l\u2019\u00e9conomie circulaire offrent de nombreuses perspectives d\u2019emploi.<\/span><\/p>\n","protected":false},"excerpt":{"rendered":"<p style=\"text-align: center;\"><span style=\"font-size: medium; color: #ff0000;\"><strong>Assises europ\u00e9ennes de la transition \u00e9nerg\u00e9tique 2017<\/strong><\/span><\/p>\n<p style=\"text-align: center;\"><span style=\"font-size: medium; color: #ff0000;\">Bordeaux, 24-25-26 janvier 2017<\/span><\/p>\n<p><a href=\"https:\/\/www.assises-energie.net\/\">Site&nbsp; internet de l&rsquo;\u00e9v\u00e8nement<\/a>.<\/p>\n<p>&nbsp;<\/p>\n","protected":false},"author":1,"featured_media":0,"comment_status":"open","ping_status":"open","sticky":false,"template":"","format":"standard","meta":{"_monsterinsights_skip_tracking":false,"_monsterinsights_sitenote_active":false,"_monsterinsights_sitenote_note":"","_monsterinsights_sitenote_category":0,"footnotes":""},"categories":[4],"tags":[],"class_list":["post-155","post","type-post","status-publish","format-standard","hentry","category-non-classe-fr"],"_links":{"self":[{"href":"http:\/\/www.gip-ecofor.org\/gicc\/index.php?rest_route=\/wp\/v2\/posts\/155","targetHints":{"allow":["GET"]}}],"collection":[{"href":"http:\/\/www.gip-ecofor.org\/gicc\/index.php?rest_route=\/wp\/v2\/posts"}],"about":[{"href":"http:\/\/www.gip-ecofor.org\/gicc\/index.php?rest_route=\/wp\/v2\/types\/post"}],"author":[{"embeddable":true,"href":"http:\/\/www.gip-ecofor.org\/gicc\/index.php?rest_route=\/wp\/v2\/users\/1"}],"replies":[{"embeddable":true,"href":"http:\/\/www.gip-ecofor.org\/gicc\/index.php?rest_route=%2Fwp%2Fv2%2Fcomments&post=155"}],"version-history":[{"count":1,"href":"http:\/\/www.gip-ecofor.org\/gicc\/index.php?rest_route=\/wp\/v2\/posts\/155\/revisions"}],"predecessor-version":[{"id":284,"href":"http:\/\/www.gip-ecofor.org\/gicc\/index.php?rest_route=\/wp\/v2\/posts\/155\/revisions\/284"}],"wp:attachment":[{"href":"http:\/\/www.gip-ecofor.org\/gicc\/index.php?rest_route=%2Fwp%2Fv2%2Fmedia&parent=155"}],"wp:term":[{"taxonomy":"category","embeddable":true,"href":"http:\/\/www.gip-ecofor.org\/gicc\/index.php?rest_route=%2Fwp%2Fv2%2Fcategories&post=155"},{"taxonomy":"post_tag","embeddable":true,"href":"http:\/\/www.gip-ecofor.org\/gicc\/index.php?rest_route=%2Fwp%2Fv2%2Ftags&post=155"}],"curies":[{"name":"wp","href":"https:\/\/api.w.org\/{rel}","templated":true}]}}