{"id":159,"date":"2017-01-31T16:57:02","date_gmt":"2017-01-31T15:57:02","guid":{"rendered":"http:\/\/www.gip-ecofor.org\/gicc\/2017\/01\/31\/3eme-conference-europeenne-sur-ladaptation-au-changement-climatique-a-glasgow\/"},"modified":"2018-11-21T08:12:15","modified_gmt":"2018-11-21T07:12:15","slug":"3eme-conference-europeenne-sur-ladaptation-au-changement-climatique-a-glasgow","status":"publish","type":"post","link":"http:\/\/www.gip-ecofor.org\/gicc\/?p=159","title":{"rendered":"3\u00e8me conf\u00e9rence europ\u00e9enne sur l&rsquo;Adaptation au changement climatique \u00e0 Glasgow"},"content":{"rendered":"<p style=\"text-align: center;\"><span style=\"color: #ff0000; font-size: medium;\"><strong>3\u00e8me conf\u00e9rence europ\u00e9enne sur l&rsquo;Adaptation au changement climatique \u00e0 Glasgow<\/strong><\/span><\/p>\n<p style=\"text-align: center;\"><span style=\"color: #ff0000; font-size: medium;\"><strong>ECCA 2017<br \/><\/strong><\/span><\/p>\n<p style=\"text-align: left;\"><span style=\"color: #ff0000; font-size: medium;\"><span style=\"font-size: small; color: #000000;\">Date : 5 au 9 juin 2017.<\/span><\/span><\/p>\n<p style=\"text-align: center;\"><span style=\"color: #ff0000; font-size: medium;\"><strong>3\u00e8me conf\u00e9rence europ\u00e9enne sur l&rsquo;Adaptation au changement climatique \u00e0 Glasgow<\/strong><\/span><\/p>\n<p style=\"text-align: center;\"><span style=\"color: #ff0000; font-size: medium;\"><strong>ECCA 2017<br \/><\/strong><\/span><\/p>\n<p style=\"text-align: left;\"><span style=\"color: #ff0000; font-size: medium;\"><span style=\"font-size: small; color: #000000;\">Date : 5 au 9 juin 2017.<\/span><\/span><\/p>\n<p style=\"text-align: left;\"><span style=\"color: #ff0000; font-size: medium;\"><span style=\"font-size: small; color: #000000;\">Lieu : Glasgow (salle historique du Conseil), Ecosse<\/span><\/span><\/p>\n<p style=\"text-align: left;\"><span style=\"color: #ff0000; font-size: medium;\"><span style=\"font-size: small; color: #000000;\">Site internet de la conf\u00e9rence : <span style=\"color: #0000ff;\"><a href=\"http:\/\/ecca2017.eu\/conference\/\">http:\/\/ecca2017.eu\/conference\/<\/a><\/span><\/span><\/span><\/p>\n<p style=\"text-align: left;\">&nbsp;<\/p>\n<p style=\"text-align: left;\"><span style=\"font-size: small;\"><span>Le th\u00e8me de l&rsquo;ECCA 2017 est \u00abNotre avenir pr\u00eat pour le climat\u00bb. <\/span><span>La  vision des organisateurs est que cette conf\u00e9rence permettra aux acteurs du climat de  travailler ensemble pour d\u00e9couvrir et apporter des solutions positives  d&rsquo;adaptation au climat qui peuvent renforcer la soci\u00e9t\u00e9, revitaliser les  \u00e9conomies locales et am\u00e9liorer l&rsquo;environnement. <\/span><span>La conf\u00e9rence  rassemblera les personnes qui \u00ab\u00a0agissent sur le sur le terrain\u00a0\u00bb &#8211; des  entreprises, de l&rsquo;industrie, des ONG, des collectivit\u00e9s locales et des  communaut\u00e9s &#8211; afin de partager leurs connaissances, leurs id\u00e9es et leur  exp\u00e9rience avec les chercheurs et les d\u00e9cideurs. <\/span><span>Situ\u00e9  dans la ville culturelle de Glasgow, au coeur d&rsquo;une ville-r\u00e9gion qui  met l&rsquo;adaptation au climat et la justice climatique au c\u0153ur de la prise  de d\u00e9cision, ECCA 2017 offre une occasion unique de visiter de nombreux  projets d&rsquo;adaptation locaux innovants et de partager l&rsquo;exp\u00e9rience de la  fa\u00e7on dont l<\/span><span>&lsquo;adaptation au changement climatique peut fonctionner dans la pratique.<\/p>\n<p><\/span><span>ECCA 2017 a lieu en Europe, mais l&rsquo;accent sera mis sur le monde. <\/span><span>Les  participants de plus de 60 pays sur les cinq continents ont d\u00e9j\u00e0  enregistr\u00e9 leur int\u00e9r\u00eat ou soumis des r\u00e9sum\u00e9s, et nous nous attendons \u00e0  ce que les pr\u00e9sentations et les sessions soient enti\u00e8rement  internationales.<\/span><\/span><\/p>\n","protected":false},"excerpt":{"rendered":"<p style=\"text-align: center;\"><span style=\"color: #ff0000; font-size: medium;\"><strong>3\u00e8me conf\u00e9rence europ\u00e9enne sur l&rsquo;Adaptation au changement climatique \u00e0 Glasgow<\/strong><\/span><\/p>\n<p style=\"text-align: center;\"><span style=\"color: #ff0000; font-size: medium;\"><strong>ECCA 2017<br \/><\/strong><\/span><\/p>\n<p style=\"text-align: left;\"><span style=\"color: #ff0000; font-size: medium;\"><span style=\"font-size: small; color: #000000;\">Date : 5 au 9 juin 2017.<\/span><\/span><\/p>\n","protected":false},"author":1,"featured_media":0,"comment_status":"open","ping_status":"open","sticky":false,"template":"","format":"standard","meta":{"_monsterinsights_skip_tracking":false,"_monsterinsights_sitenote_active":false,"_monsterinsights_sitenote_note":"","_monsterinsights_sitenote_category":0,"footnotes":""},"categories":[4],"tags":[],"class_list":["post-159","post","type-post","status-publish","format-standard","hentry","category-non-classe-fr"],"_links":{"self":[{"href":"http:\/\/www.gip-ecofor.org\/gicc\/index.php?rest_route=\/wp\/v2\/posts\/159","targetHints":{"allow":["GET"]}}],"collection":[{"href":"http:\/\/www.gip-ecofor.org\/gicc\/index.php?rest_route=\/wp\/v2\/posts"}],"about":[{"href":"http:\/\/www.gip-ecofor.org\/gicc\/index.php?rest_route=\/wp\/v2\/types\/post"}],"author":[{"embeddable":true,"href":"http:\/\/www.gip-ecofor.org\/gicc\/index.php?rest_route=\/wp\/v2\/users\/1"}],"replies":[{"embeddable":true,"href":"http:\/\/www.gip-ecofor.org\/gicc\/index.php?rest_route=%2Fwp%2Fv2%2Fcomments&post=159"}],"version-history":[{"count":1,"href":"http:\/\/www.gip-ecofor.org\/gicc\/index.php?rest_route=\/wp\/v2\/posts\/159\/revisions"}],"predecessor-version":[{"id":281,"href":"http:\/\/www.gip-ecofor.org\/gicc\/index.php?rest_route=\/wp\/v2\/posts\/159\/revisions\/281"}],"wp:attachment":[{"href":"http:\/\/www.gip-ecofor.org\/gicc\/index.php?rest_route=%2Fwp%2Fv2%2Fmedia&parent=159"}],"wp:term":[{"taxonomy":"category","embeddable":true,"href":"http:\/\/www.gip-ecofor.org\/gicc\/index.php?rest_route=%2Fwp%2Fv2%2Fcategories&post=159"},{"taxonomy":"post_tag","embeddable":true,"href":"http:\/\/www.gip-ecofor.org\/gicc\/index.php?rest_route=%2Fwp%2Fv2%2Ftags&post=159"}],"curies":[{"name":"wp","href":"https:\/\/api.w.org\/{rel}","templated":true}]}}