{"id":19,"date":"2011-08-25T13:46:38","date_gmt":"2011-08-25T11:46:38","guid":{"rendered":"http:\/\/www.gip-ecofor.org\/gicc\/2011\/08\/25\/apr-2003-presentation\/"},"modified":"2018-11-21T09:28:15","modified_gmt":"2018-11-21T08:28:15","slug":"apr-2003-presentation","status":"publish","type":"post","link":"http:\/\/www.gip-ecofor.org\/gicc\/?p=19","title":{"rendered":"APR 2003 : pr\u00e9sentation"},"content":{"rendered":"<p style=\"text-align: justify;\">\n<p style=\"text-align: justify;\"><!--break-->L&rsquo;objectif g\u00e9n\u00e9ral de cet APR reste de  d\u00e9velopper les connaissances qui aideront les d\u00e9cideurs \u00e0 choisir les  meilleures strat\u00e9gies de pr\u00e9vention de l&rsquo;augmentation de l&rsquo;effet de  serre et d&rsquo;adaptation au changement climatique, dans la double  perspective de la poursuite des n\u00e9gociations internationales suite au  \u00ab\u00a0Protocole de Kyoto\u00a0\u00bb et de la mise en place des mesures d&rsquo;application du  PNLCC et des missions de l\u2019 Observatoire National des Effets du  R\u00e9chauffement Climatique (ONERC).<\/p>\n<p style=\"text-align: justify;\">Il conserve  nombre de pr\u00e9occupations pour lesquelles il est n\u00e9cessaire de poursuivre  et approfondir les \u00e9tudes (notamment pour ce qui concerne les  cons\u00e9quences du changement climatique sur les risques li\u00e9s aux  \u00e9v\u00e9nements extr\u00eames),  mais met des accents plus importants : <br \/>d\u2019une part, <strong>sur la sc\u00e8ne r\u00e9gionale<\/strong> (dont la d\u00e9finition est pr\u00e9cis\u00e9e en introduction du th\u00e8me II infra),  tant du point de vue de la physique du CC (\u00e9volution des  caract\u00e9ristiques moyennes et extr\u00eames du climat), que de <strong>sa perception sociale, de ses impacts environnementaux et \u00e9conomiques<\/strong>,  de l\u2019application des politiques publiques de lutte contre les GES et de  gestion du changement climatique et des innovations techniques  aff\u00e9rentes ; d\u2019autre part, <strong>sur les liens avec le monde du vivant, sant\u00e9 humaine, biodiversit\u00e9<\/strong> et, \u00e0 terme, maladies \u00e9mergentes chez les v\u00e9g\u00e9taux.<\/p>\n<p style=\"text-align: justify;\">Cet  APR vise par ailleurs \u00e0 d\u00e9velopper des travaux tant au sein de  disciplines jusqu\u2019\u00e0 pr\u00e9sent trop peu mobilis\u00e9es sur le th\u00e8me du  changement climatique : <strong>sociologie, relations internationales, sciences juridiques<\/strong>,\u2026 ; <strong>qu\u2019inter-disciplinaires<\/strong> entre sciences exactes et SHS.<\/p>\n<p style=\"text-align: justify;\">Il comprend cinq grands th\u00e8mes de recherche :<\/p>\n<ul style=\"text-align: justify;\">\n<li>\n<div>d\u00e9cisions, acteurs et sc\u00e8ne internationale ;<\/div>\n<\/li>\n<li>\n<div>strat\u00e9gies de r\u00e9duction des \u00e9missions de GES et d\u2019adaptation aux impacts du changement climatique \u00e0 l\u2019\u00e9chelle r\u00e9gionale ;<\/div>\n<\/li>\n<li>\n<div>\u00e9missions et puits de GES ;<\/div>\n<\/li>\n<li>\n<div>changement climatique et sant\u00e9 ;<\/div>\n<\/li>\n<li>\n<div>biodiversit\u00e9 et changement climatique.<\/div>\n<\/li>\n<\/ul>\n","protected":false},"excerpt":{"rendered":"<p style=\"text-align: justify;\">\n","protected":false},"author":1,"featured_media":0,"comment_status":"open","ping_status":"open","sticky":false,"template":"","format":"standard","meta":{"_monsterinsights_skip_tracking":false,"_monsterinsights_sitenote_active":false,"_monsterinsights_sitenote_note":"","_monsterinsights_sitenote_category":0,"footnotes":""},"categories":[19,37],"tags":[],"class_list":["post-19","post","type-post","status-publish","format-standard","hentry","category-apr","category-apr-2003"],"_links":{"self":[{"href":"http:\/\/www.gip-ecofor.org\/gicc\/index.php?rest_route=\/wp\/v2\/posts\/19","targetHints":{"allow":["GET"]}}],"collection":[{"href":"http:\/\/www.gip-ecofor.org\/gicc\/index.php?rest_route=\/wp\/v2\/posts"}],"about":[{"href":"http:\/\/www.gip-ecofor.org\/gicc\/index.php?rest_route=\/wp\/v2\/types\/post"}],"author":[{"embeddable":true,"href":"http:\/\/www.gip-ecofor.org\/gicc\/index.php?rest_route=\/wp\/v2\/users\/1"}],"replies":[{"embeddable":true,"href":"http:\/\/www.gip-ecofor.org\/gicc\/index.php?rest_route=%2Fwp%2Fv2%2Fcomments&post=19"}],"version-history":[{"count":1,"href":"http:\/\/www.gip-ecofor.org\/gicc\/index.php?rest_route=\/wp\/v2\/posts\/19\/revisions"}],"predecessor-version":[{"id":351,"href":"http:\/\/www.gip-ecofor.org\/gicc\/index.php?rest_route=\/wp\/v2\/posts\/19\/revisions\/351"}],"wp:attachment":[{"href":"http:\/\/www.gip-ecofor.org\/gicc\/index.php?rest_route=%2Fwp%2Fv2%2Fmedia&parent=19"}],"wp:term":[{"taxonomy":"category","embeddable":true,"href":"http:\/\/www.gip-ecofor.org\/gicc\/index.php?rest_route=%2Fwp%2Fv2%2Fcategories&post=19"},{"taxonomy":"post_tag","embeddable":true,"href":"http:\/\/www.gip-ecofor.org\/gicc\/index.php?rest_route=%2Fwp%2Fv2%2Ftags&post=19"}],"curies":[{"name":"wp","href":"https:\/\/api.w.org\/{rel}","templated":true}]}}