{"id":24,"date":"2011-08-25T15:08:29","date_gmt":"2011-08-25T13:08:29","guid":{"rendered":"http:\/\/www.gip-ecofor.org\/gicc\/2011\/08\/25\/crp-2008-presentation\/"},"modified":"2018-11-21T09:27:01","modified_gmt":"2018-11-21T08:27:01","slug":"crp-2008-presentation","status":"publish","type":"post","link":"http:\/\/www.gip-ecofor.org\/gicc\/?p=24&lang=en","title":{"rendered":"CRP 2008: presentation"},"content":{"rendered":"<p style=\"text-align: justify;\"><!--break--><\/p>\n<p style=\"text-align: justify;\">The themes covered in this segment are<\/p>\n<ul style=\"text-align: justify;\">\n<li>Attenuation,<\/li>\n<li>Adaptation<\/li>\n<li>Regionalisation of climate change impacts.<\/li>\n<\/ul>\n<p style=\"text-align: justify;\">The complete version of this call for tenders is available for download here.<\/p>\n<p style=\"text-align: justify;\">The many projects submitted were being reviewed by the programme\u2019s decision-making bodies (the Scientific Board and e Guidance Committee).<\/p>\n<h4 style=\"text-align: justify;\">List of projects<\/h4>\n<p style=\"text-align: justify;\">More information (abstract, specific webpage, etc.) soon<\/p>\n<table border=\"0\">\n<tbody>\n<tr>\n<td style=\"border: 1px solid #cccccc; width: 800px;\" valign=\"top\"><strong>Title<br \/>\n<\/strong><\/td>\n<td style=\"border: 1px solid #cccccc; width: 800px;\" valign=\"top\"><strong>Coordinator(s)<br \/>\n<\/strong><\/td>\n<td style=\"border: 1px solid #cccccc; width: 800px;\" valign=\"top\"><strong>Partnership<\/strong><\/td>\n<td style=\"border: 1px solid #cccccc; width: 800px;\" valign=\"top\"><strong>Funding Organization<br \/>\n<\/strong><\/td>\n<td style=\"border: 1px solid #cccccc; width: 800px;\" valign=\"top\"><strong>Research Grant (in euros &#8211; included tax)<br \/>\n<\/strong><\/td>\n<\/tr>\n<tr>\n<td style=\"border: 1px solid #cccccc; width: 800px;\" scope=\"col\" align=\"left\" valign=\"top\">ADAPTFVR &#8211; Impacts of Climate Change on the emergence of the Rift Valley fever vectors in Senegal and adaptation strategy for better management of pastoralism in Sahel<\/td>\n<td style=\"border: 1px solid #cccccc; width: 800px;\" valign=\"top\"><strong>Murielle LAFAYE<\/strong> (CNES)<\/td>\n<td style=\"border: 1px solid #cccccc; width: 800px;\" valign=\"top\">GAME (Groupe d\u2019\u00e9tude de l\u2019atmosph\u00e8re m\u00e9t\u00e9orologique) CNRS \/ M\u00e9t\u00e9o-France CNRM, Association Reflets, Centre de Suivi Ecologique (CSE), Dakar-S\u00e9n\u00e9gal, Direction de l\u2019\u00e9levage (DIREL), Dakar, S\u00e9n\u00e9gal, Institut Pasteur de Dakar (IPD)<\/td>\n<td style=\"border: 1px solid #cccccc; width: 800px;\" valign=\"top\">MEEDDAT<\/td>\n<td style=\"border: 1px solid #cccccc; width: 800px;\" valign=\"top\">175 000<\/td>\n<\/tr>\n<tr>\n<td style=\"border: 1px solid #cccccc; width: 800px;\" valign=\"top\">The Post-2012 International negotiations: a legal \u00ab\u00a0reading\u00a0\u00bb of the main issues<\/td>\n<td style=\"border: 1px solid #cccccc; width: 800px;\" valign=\"top\"><strong>Sandrine Maljean-Dubois <\/strong>(CERIC)<\/td>\n<td style=\"border: 1px solid #cccccc; width: 800px;\" valign=\"top\">IDDRI<\/td>\n<td style=\"border: 1px solid #cccccc; width: 800px;\" valign=\"top\">MEEDDAT<\/td>\n<td style=\"border: 1px solid #cccccc; width: 800px;\" valign=\"top\">107 710<\/td>\n<\/tr>\n<tr>\n<td style=\"border: 1px solid #cccccc; width: 800px;\" valign=\"top\">Integrated monitoring and assessment of the climate negotiations (from COP-15)<\/td>\n<td style=\"border: 1px solid #cccccc; width: 800px;\" valign=\"top\"><strong>Alain Haurie<\/strong> (KANLO)<\/td>\n<td style=\"border: 1px solid #cccccc; width: 800px;\" valign=\"top\">ORDECSYS<\/td>\n<td style=\"border: 1px solid #cccccc; width: 800px;\" valign=\"top\">MEEDDAT<\/td>\n<td style=\"border: 1px solid #cccccc; width: 800px;\" valign=\"top\">112 600<\/td>\n<\/tr>\n<tr>\n<td style=\"border: 1px solid #cccccc; width: 800px;\" valign=\"top\">EXCLIM &#8211; Managing the displacement of people due to extreme weather<\/td>\n<td style=\"border: 1px solid #cccccc; width: 800px;\" valign=\"top\"><strong>Fran\u00e7ois Mancebo &amp; Chlo\u00e9 Vlassopoulou<\/strong> (CNRS et PACTE)<\/td>\n<td style=\"border: 1px solid #cccccc; width: 800px;\" valign=\"top\">Centre Universitaire de Recherches sur l\u2019Action Publique et Politique, Epist\u00e9mologie et Sciences Sociales (CURAPP) UMR 6054 CNRS &amp; PACTE (UMR CNRS\/IEP\/UPMF\/UJF 5194)<\/td>\n<td style=\"border: 1px solid #cccccc; width: 800px;\" valign=\"top\">MEEDDAT<\/td>\n<td style=\"border: 1px solid #cccccc; width: 800px;\" valign=\"top\">243 628<\/td>\n<\/tr>\n<tr>\n<td style=\"border: 1px solid #cccccc; width: 800px;\" valign=\"top\">Adaptation to climate change: challenges of an integrated approach for the French territories<\/td>\n<td style=\"border: 1px solid #cccccc; width: 800px;\" valign=\"top\"><strong>Fran\u00e7ois Bertrand<\/strong> &amp; <strong>Corrine Larrue<\/strong> (UMR CITERES\/Universit\u00e9 Fran\u00e7ois Rabelais)<\/td>\n<td style=\"border: 1px solid #cccccc; width: 800px;\" valign=\"top\"><\/td>\n<td style=\"border: 1px solid #cccccc; width: 800px;\" valign=\"top\">MEEDDAT<\/td>\n<td style=\"border: 1px solid #cccccc; width: 800px;\" valign=\"top\">137 026<\/td>\n<\/tr>\n<tr>\n<td style=\"border: 1px solid #cccccc; width: 800px;\" valign=\"top\">SAOPOLO Adaptation strategies of marine protection works or Coastal tenure concerning the rising sea and ocean levels<\/td>\n<td style=\"border: 1px solid #cccccc; width: 800px;\" valign=\"top\"><strong>Philippe SERGENT <\/strong>(CEMTEF)<\/td>\n<td style=\"border: 1px solid #cccccc; width: 800px;\" valign=\"top\">EDF-LNHE, Universit\u00e9 du Havre, Universit\u00e9 Technologique de Compi\u00e8gne<\/td>\n<td style=\"border: 1px solid #cccccc; width: 800px;\" valign=\"top\">MEEDDAT<\/td>\n<td style=\"border: 1px solid #cccccc; width: 800px;\" valign=\"top\">221 851<\/td>\n<\/tr>\n<tr>\n<td style=\"border: 1px solid #cccccc; width: 800px;\" valign=\"top\">Adaptation of the Alpine territories regarding the increasing droughts in a context of global change<\/td>\n<td style=\"border: 1px solid #cccccc; width: 800px;\" valign=\"top\"><strong>Sandra LAVOREL<\/strong> (CNRS)<\/td>\n<td style=\"border: 1px solid #cccccc; width: 800px;\" valign=\"top\">CERFACS LECA CNRS-Universit\u00e9 J. Fourier, Cemagref (UR Ecosyst\u00e8mes Montagnards, UR D\u00e9veloppement des Territoires de Montagne), PN des Ecrins, R\u00e9serve Naturelle des Hauts Plateaux du Vercors, PNR Vercors, Station Alpine Joseph Fourier, ONF, Centre d&rsquo;Etudes et de R\u00e9alisations Pastorales Alpes-M\u00e9diterran\u00e9e, F\u00e9d\u00e9ration des Alpages de l&rsquo;Is\u00e8re, Association Dr\u00f4moise d&rsquo;\u00e9conomie montagnarde, Association interd\u00e9partementale pour la promotion des agriculteurs du Parc du Vercors, Chambre d&rsquo;agriculture des Hautes-Alpes<\/td>\n<td style=\"border: 1px solid #cccccc; width: 800px;\" valign=\"top\">MEEDDAT<\/td>\n<td style=\"border: 1px solid #cccccc; width: 800px;\" valign=\"top\">213 225<\/td>\n<\/tr>\n<tr>\n<td style=\"border: 1px solid #cccccc; width: 800px;\" valign=\"top\">\nIndustrial economy of sectoral agreements<\/td>\n<td style=\"border: 1px solid #cccccc; width: 800px;\" valign=\"top\"><strong>Matthieu Glachant<\/strong> (CERNA, Ecole des Mines)<\/td>\n<td style=\"border: 1px solid #cccccc; width: 800px;\" valign=\"top\"><\/td>\n<td style=\"border: 1px solid #cccccc; width: 800px;\" valign=\"top\">ONERC<\/td>\n<td style=\"border: 1px solid #cccccc; width: 800px;\" valign=\"top\">80 000<\/td>\n<\/tr>\n<tr>\n<td style=\"border: 1px solid #cccccc; width: 800px;\" valign=\"top\">Individual \u00ab\u00a0carbon budget\u00a0\u00bb: from theory to practice<\/td>\n<td style=\"border: 1px solid #cccccc; width: 800px;\" valign=\"top\"><strong>Ghislan Dubois<\/strong> (TEC Conseil)<\/td>\n<td style=\"border: 1px solid #cccccc; width: 800px;\" valign=\"top\"><\/td>\n<td style=\"border: 1px solid #cccccc; width: 800px;\" valign=\"top\">ADEME<\/td>\n<td style=\"border: 1px solid #cccccc; width: 800px;\" valign=\"top\">59 000<\/td>\n<\/tr>\n<tr>\n<td style=\"border: 1px solid #cccccc; width: 800px;\" valign=\"top\">Adaptive capacity of coastal societies to erosion &#8211; flooding coasts regarding climate change<\/td>\n<td style=\"border: 1px solid #cccccc; width: 800px;\" valign=\"top\"><strong>Anne Tricot<\/strong> (CNRS)<\/td>\n<td style=\"border: 1px solid #cccccc; width: 800px;\" valign=\"top\"><\/td>\n<td style=\"border: 1px solid #cccccc; width: 800px;\" valign=\"top\">ADEME<\/td>\n<td style=\"border: 1px solid #cccccc; width: 800px;\" valign=\"top\">150 960<\/td>\n<\/tr>\n<tr>\n<td style=\"border: 1px solid #cccccc; width: 800px;\" valign=\"top\">What climate at school? \u00ab\u00a0Young people\u00a0\u00bb face to climate change<\/td>\n<td style=\"border: 1px solid #cccccc; width: 800px;\" valign=\"top\"><strong>Susan Kovacs<\/strong> (GERIICO)<\/td>\n<td style=\"border: 1px solid #cccccc; width: 800px;\" valign=\"top\">MNHN, APPA<\/td>\n<td style=\"border: 1px solid #cccccc; width: 800px;\" valign=\"top\">ADEME<\/td>\n<td style=\"border: 1px solid #cccccc; width: 800px;\" valign=\"top\">100 000<\/td>\n<\/tr>\n<\/tbody>\n<\/table>\n<p style=\"text-align: justify;\">\n","protected":false},"excerpt":{"rendered":"<p style=\"text-align: justify;\">\n","protected":false},"author":1,"featured_media":0,"comment_status":"open","ping_status":"open","sticky":false,"template":"","format":"standard","meta":{"_monsterinsights_skip_tracking":false,"_monsterinsights_sitenote_active":false,"_monsterinsights_sitenote_note":"","_monsterinsights_sitenote_category":0,"footnotes":""},"categories":[21,61],"tags":[],"class_list":["post-24","post","type-post","status-publish","format-standard","hentry","category-crp","category-crp-in-2008"],"_links":{"self":[{"href":"http:\/\/www.gip-ecofor.org\/gicc\/index.php?rest_route=\/wp\/v2\/posts\/24","targetHints":{"allow":["GET"]}}],"collection":[{"href":"http:\/\/www.gip-ecofor.org\/gicc\/index.php?rest_route=\/wp\/v2\/posts"}],"about":[{"href":"http:\/\/www.gip-ecofor.org\/gicc\/index.php?rest_route=\/wp\/v2\/types\/post"}],"author":[{"embeddable":true,"href":"http:\/\/www.gip-ecofor.org\/gicc\/index.php?rest_route=\/wp\/v2\/users\/1"}],"replies":[{"embeddable":true,"href":"http:\/\/www.gip-ecofor.org\/gicc\/index.php?rest_route=%2Fwp%2Fv2%2Fcomments&post=24"}],"version-history":[{"count":1,"href":"http:\/\/www.gip-ecofor.org\/gicc\/index.php?rest_route=\/wp\/v2\/posts\/24\/revisions"}],"predecessor-version":[{"id":272,"href":"http:\/\/www.gip-ecofor.org\/gicc\/index.php?rest_route=\/wp\/v2\/posts\/24\/revisions\/272"}],"wp:attachment":[{"href":"http:\/\/www.gip-ecofor.org\/gicc\/index.php?rest_route=%2Fwp%2Fv2%2Fmedia&parent=24"}],"wp:term":[{"taxonomy":"category","embeddable":true,"href":"http:\/\/www.gip-ecofor.org\/gicc\/index.php?rest_route=%2Fwp%2Fv2%2Fcategories&post=24"},{"taxonomy":"post_tag","embeddable":true,"href":"http:\/\/www.gip-ecofor.org\/gicc\/index.php?rest_route=%2Fwp%2Fv2%2Ftags&post=24"}],"curies":[{"name":"wp","href":"https:\/\/api.w.org\/{rel}","templated":true}]}}