{"id":437,"date":"2016-02-21T11:24:31","date_gmt":"2016-02-21T10:24:31","guid":{"rendered":"http:\/\/www.gip-ecofor.org\/gicc\/?p=437"},"modified":"2021-10-27T09:52:56","modified_gmt":"2021-10-27T07:52:56","slug":"adaptatio-integration-de-ladaptation-au-changement-climatique-dans-la-conception-des-projets-damenagements-urbains-nouveaux-outils-et-nouveaux-metiers-2","status":"publish","type":"post","link":"http:\/\/www.gip-ecofor.org\/gicc\/?p=437","title":{"rendered":"ADAPTATIO &#8211; Int\u00e9gration de l\u2019adaptation au changement climatique dans la conception des projets d\u2019am\u00e9nagements urbains : nouveau(x) outil(s) et nouveau(x) m\u00e9tier(s)"},"content":{"rendered":"<p>L\u2019adaptation au changement climatique est une th\u00e9matique plus r\u00e9cente par rapport \u00e0 celle de la r\u00e9duction des rejets de gaz \u00e0 effet de serre, de \u00ab mitigation \u00bb. Cela se r\u00e9percute de fa\u00e7on directe sur les outils aujourd\u2019hui mis en oeuvre pour aborder le sujet de l\u2019adaptation. Si au niveau europ\u00e9en, national et local des mesures et outils \u00e9mergent pour engager des actions d\u2019adaptation, ce n\u2019est pas encore le cas \u00e0 l\u2019\u00e9chelle des projets d\u2019am\u00e9nagement. Les outils, labels ou d\u00e9marches abordent uniquement aujourd\u2019hui les enjeux de mitigation et de confort climatique d\u2019\u00e9t\u00e9. Cela se ressent \u00e9galement sur l\u2019\u00e9valuation des consommations \u00e9nerg\u00e9tiques qui s\u2019appuie uniquement sur les donn\u00e9es actuelles de temp\u00e9rature, ce qui confirme que la qualit\u00e9 \u00e9nerg\u00e9tique des am\u00e9nagements est aujourd\u2019hui \u00e9valu\u00e9e \u00e0 l\u2019aune d\u2019un climat pass\u00e9 et non futur. Seule la r\u00e9sistance \u00e0 des \u00e9v\u00e8nements extr\u00eames et violents (temp\u00eates par exemple) semble \u00eatre prise en compte sur la base d\u2019\u00e9volutions climatiques accentuant leur puissance.<\/p>\n<p>Par ailleurs, le d\u00e9ficit hydrique des nappes phr\u00e9atiques observ\u00e9, notamment en France depuis quelques ann\u00e9es, est sans doute un signal relatif \u00e0 l\u2019\u00e9volution de la disponibilit\u00e9 de cette ressource.<br \/>Aux facteurs influant tels que la croissance de la population et l\u2019am\u00e9nagement urbain, vient s\u2019ajouter le changement climatique. L\u2019ensemble de ces facteurs pourrait ainsi venir accentuer dans les d\u00e9cennies \u00e0 venir les p\u00e9riodes de s\u00e9cheresse estivale.<\/p>\n<p>Ainsi, aujourd\u2019hui les am\u00e9nagements ne sont pas \u00e9valu\u00e9s en fonction d\u2019un futur climat qui influera obligatoirement sur les consommations \u00e9nerg\u00e9tiques de chauffage et de climatisation ainsi que sur les besoins en eau. Poser d\u00e8s aujourd\u2019hui la question de l\u2019adaptation aux changements climatiques devrait \u00e9galement permettre d\u2019\u00e9viter ou, tout du moins, limiter la \u00ab maladaptation \u00bb que l\u2019on peut d\u00e9finir comme des actions initialement mises en oeuvre pour r\u00e9duire la vuln\u00e9rabilit\u00e9 au changement climatique et qui ont pour effet \u00ab pervers \u00bb d\u2019augmenter les risques de changement climatique et\/ou d\u2019augmenter la vuln\u00e9rabilit\u00e9 d\u2019autres secteurs, personnes, <em>etc<\/em>.<\/p>\n<p>Notre projet a ainsi pour objectif de proposer une nouvelle m\u00e9thodologie permettant d\u2019aborder lors de la conception de projet d\u2019am\u00e9nagement la question de l\u2019adaptation au changement climatique. Il est en effet n\u00e9cessaire de penser adaptation et mitigation de fa\u00e7on conjointe et en amont. Un focus sera fait sur deux ressources cl\u00e9s pour demain : l\u2019eau et l\u2019\u00e9nergie. Cette m\u00e9thodologie s\u2019appuiera sur le d\u00e9veloppement d\u2019un nouvel outil simple d\u2019\u00e9valuation des consommations \u00e9nerg\u00e9tiques et d\u2019eau d\u2019un projet d\u2019am\u00e9nagement selon diff\u00e9rents sc\u00e9narios climatiques et sur une nouvelle organisation de la r\u00e9flexion autour des enjeux \u00e9nerg\u00e9tiques lors d\u2019un projet en faisant intervenir l\u2019ensemble des parties prenantes d\u2019un projet pour les associer au processus d\u2019innovation. Cette nouvelle organisation se fera \u00e9galement autour d\u2019un nouvel acteur dont le m\u00e9tier reste encore \u00e0 clarifier, ce que se propose de faire ce projet : le designer, qui devra faciliter la collaboration autour d\u2019un projet d\u2019am\u00e9nagement.<\/p>\n<p>La valorisation envisag\u00e9e aura ensuite pour objectifs de partager les outils et m\u00e9thodes d\u00e9velopp\u00e9s avec les collectivit\u00e9s, les acteurs de l\u2019am\u00e9nagement, d\u2019assurer la visibilit\u00e9 de la recherche, en France et \u00e0 l\u2019international, et de diffuser les r\u00e9sultats de recherche dans le monde acad\u00e9mique.<\/p>\n<p><span style=\"text-decoration: underline;\">Pour en savoir plus :<\/span>\u00a0<a href=\"http:\/\/www.gip-ecofor.org\/gicc\/wp-content\/uploads\/2021\/04\/ADAPTATIO_Rapport_Final.pdf\">ADAPTATIO_Rapport_Final<\/a><\/p>\n<p><strong>Coordinateur(s) : Morgane COLOMBERT<\/strong>, Ecole des Ingenieurs de la ville de Paris<\/p>\n<p><strong>Partenaire(s) :<\/strong><\/p>\n<p>&#8211; Equipe de Recherche- Ecole des Ing\u00e9nieurs de la Ville de Paris (EIVP)<br \/>&#8211; EGIS Concept, Elioth<br \/>&#8211; CSTB, D\u00e9partement Economie et Sciences Humaines<br \/>&#8211; CDC Climat<br \/>&#8211; Ville de Paris<\/p>\n<p><strong>Financeur(s) :\u00a0<\/strong> MEDDE<\/p>\n<p><strong>Subvention allou\u00e9e :\u00a0 199 700<\/strong> \u20ac<\/p>\n\n","protected":false},"excerpt":{"rendered":"<p>L\u2019adaptation au changement climatique est une th\u00e9matique plus r\u00e9cente par rapport \u00e0 celle de la r\u00e9duction des rejets de gaz \u00e0 effet de serre, de \u00ab mitigation \u00bb. Cela se r\u00e9percute de fa\u00e7on directe&#46;&#46;&#46;<\/p>\n","protected":false},"author":1,"featured_media":0,"comment_status":"closed","ping_status":"open","sticky":false,"template":"","format":"standard","meta":{"_monsterinsights_skip_tracking":false,"_monsterinsights_sitenote_active":false,"_monsterinsights_sitenote_note":"","_monsterinsights_sitenote_category":0,"footnotes":""},"categories":[19,45,84],"tags":[230],"class_list":["post-437","post","type-post","status-publish","format-standard","hentry","category-apr","category-apr-2012","category-les-projets-retenus","tag-adaptatio"],"_links":{"self":[{"href":"http:\/\/www.gip-ecofor.org\/gicc\/index.php?rest_route=\/wp\/v2\/posts\/437","targetHints":{"allow":["GET"]}}],"collection":[{"href":"http:\/\/www.gip-ecofor.org\/gicc\/index.php?rest_route=\/wp\/v2\/posts"}],"about":[{"href":"http:\/\/www.gip-ecofor.org\/gicc\/index.php?rest_route=\/wp\/v2\/types\/post"}],"author":[{"embeddable":true,"href":"http:\/\/www.gip-ecofor.org\/gicc\/index.php?rest_route=\/wp\/v2\/users\/1"}],"replies":[{"embeddable":true,"href":"http:\/\/www.gip-ecofor.org\/gicc\/index.php?rest_route=%2Fwp%2Fv2%2Fcomments&post=437"}],"version-history":[{"count":8,"href":"http:\/\/www.gip-ecofor.org\/gicc\/index.php?rest_route=\/wp\/v2\/posts\/437\/revisions"}],"predecessor-version":[{"id":1078,"href":"http:\/\/www.gip-ecofor.org\/gicc\/index.php?rest_route=\/wp\/v2\/posts\/437\/revisions\/1078"}],"wp:attachment":[{"href":"http:\/\/www.gip-ecofor.org\/gicc\/index.php?rest_route=%2Fwp%2Fv2%2Fmedia&parent=437"}],"wp:term":[{"taxonomy":"category","embeddable":true,"href":"http:\/\/www.gip-ecofor.org\/gicc\/index.php?rest_route=%2Fwp%2Fv2%2Fcategories&post=437"},{"taxonomy":"post_tag","embeddable":true,"href":"http:\/\/www.gip-ecofor.org\/gicc\/index.php?rest_route=%2Fwp%2Fv2%2Ftags&post=437"}],"curies":[{"name":"wp","href":"https:\/\/api.w.org\/{rel}","templated":true}]}}