{"id":453,"date":"2011-09-21T11:37:02","date_gmt":"2011-09-21T09:37:02","guid":{"rendered":"http:\/\/www.gip-ecofor.org\/gicc\/?p=453"},"modified":"2021-10-15T11:46:57","modified_gmt":"2021-10-15T09:46:57","slug":"paluclim-impacts-des-facteurs-climatiques-sur-la-production-des-vecteurs-du-paludisme-en-zone-rurale-du-sahel-et-strategies-dadaptation-application-a-la-region-de-nouna-au-burkina-faso","status":"publish","type":"post","link":"http:\/\/www.gip-ecofor.org\/gicc\/?p=453","title":{"rendered":"Paluclim &#8211; Impacts des facteurs climatiques sur la production des vecteurs du paludisme en zone rurale du Sahel et strat\u00e9gies d&rsquo;adaptation &#8211; application \u00e0 la r\u00e9gion de Nouna au Burkina-Faso"},"content":{"rendered":"<div id=\"node-334\" class=\"node odd full-node node-type-projet_de_recherche\">\n<div id=\"content-middle\">\n<div class=\"block-wrapper odd\">\n<div id=\"block-attachment_block-attachment_bloc\" class=\"block block-attachment_block \">\n<div class=\"content\">\n<table id=\"table_piece_jointe\" class=\"sticky-enabled sticky-table\">\n<tbody>\n<tr>\n<th>Fichier(s) attach\u00e9(s)<\/p>\n<hr \/>\n<\/th>\n<\/tr>\n<tr>\n<td>\n<ul>\n<li class=\"pdf\"><a href=\"http:\/\/www.gip-ecofor.org\/gicc\/wp-content\/uploads\/2021\/10\/pres_20_Paluclim_Vignolles.pdf\">Pr\u00e9sentation du projet &#8211; ppt<\/a><\/li>\n<\/ul>\n<\/td>\n<\/tr>\n<tr>\n<td>\n<ul>\n<li class=\"pdf\"><a href=\"http:\/\/www.gip-ecofor.org\/gicc\/wp-content\/uploads\/2021\/10\/Paluclim-rapport-final_VF_.pdf\" target=\"_blank\" rel=\"noopener noreferrer\">Paluclim-rapport-final_VF_.pdf<\/a><\/li>\n<\/ul>\n<\/td>\n<\/tr>\n<\/tbody>\n<\/table>\n<\/div>\n<\/div>\n<\/div>\n<\/div>\n<div class=\"content\">\n<p>La production de cartes de risque sur la base des images satellitaires donne une nouvelle approche de t\u00e9l\u00e9-\u00e9pid\u00e9miologie. Au Burkina-Faso Soudano-Sah\u00e9lien, dans la r\u00e9gion de Nouna, le paludisme est end\u00e9mique mais d\u00e9pen-dant du r\u00e9gime pluvial. Le projet Paluclim se propose donc d\u2019\u00e9tudier l\u2019impact de la variabilit\u00e9 du climat (du saisonnier jusqu\u2019aux basses fr\u00e9quences, comprenant les tendances et les changements climatiques) sur la pluviom\u00e9trie et par cons\u00e9quent sur la pr\u00e9vision du risque. Ainsi, une distribution statistique mensuelle \u00e0 partir des \u00e9v\u00e8nements pluvieux et de leurs incertitudes est pr\u00e9vue et sera disponible dans un bulletin mensuel o\u00f9 l\u2019on retrouvera la pr\u00e9vision saisonni\u00e8re, la fr\u00e9quence de distribution des pluies ainsi que des cartes de risque de pr\u00e9sence des vecteurs. A l\u2019\u00e9chelle r\u00e9gionale, des cartes de pr\u00e9visions et tendances de la pluviom\u00e9trie, incluant la composante anthropog\u00e9niques seront \u00e9mises.<\/p>\n<p>La pr\u00e9vision des zones de risque pour la population peut alors permettre de mettre en place des strat\u00e9gies d\u2019adaptation afin d\u2019att\u00e9nuer les impacts du climat \u00e0 l\u2019\u00e9chelle du jour, de la saison et \u00e0 plus long terme (prise en compte du changement climatique). L\u2019objectif est de montrer comment ces cartes de risque peuvent contribuer \u00e0 la mise en place de politiques de veille sanitaire et \u00eatre int\u00e9gr\u00e9es dans des syst\u00e8mes d\u2019alerte pr\u00e9coce. De nouvelles m\u00e9thodes efficaces de lutte contre le paludisme, diminution du nombre des vecteurs et mesures \u00e9conomique, pourront \u00eatre \u00e9tablies.<\/p>\n<div class=\"field field-type-textfield-field-coordination-apr\">\n<table>\n<tbody>\n<tr>\n<td class=\"field-label\">Coordinateur(s)<\/td>\n<td class=\"field-content\">\n<div class=\"field-item odd\">\n<p><a href=\"mailto:cecile.vignolles@cnes.fr\" target=\"_blank\" rel=\"noopener noreferrer\">C\u00e9cile Vignolles<\/a> &#8211; CNES<\/p>\n<\/div>\n<\/td>\n<\/tr>\n<\/tbody>\n<\/table>\n<\/div>\n<div class=\"field field-type-textfield-field-partenaire-apr\">\n<table>\n<tbody>\n<tr>\n<td class=\"field-label\">Partenaire(s)<\/td>\n<td class=\"field-content\">\n<div class=\"field-item odd\">\n<div>Centre national d\u2019\u00e9tudes spatiales (CNES), Toulouse, France<br \/>\nUniversit\u00e9 d\u2019Heidelberg, Allemagne<br \/>\nCentre de Recherche en Sant\u00e9 de Nouna (CRSN), Nouna, Burkina Faso<br \/>\nM\u00e9t\u00e9o-France, DCLIM\/AVH, Toulouse, France<br \/>\nInstitut de Recherche Biom\u00e9dicale des Arm\u00e9es IRBA, Marseille, France<\/div>\n<\/div>\n<\/td>\n<\/tr>\n<\/tbody>\n<\/table>\n<\/div>\n<div class=\"field field-type-textfield-field-financeur-apr\">\n<table>\n<tbody>\n<tr>\n<td class=\"field-label\">Financeur(s)<\/td>\n<td class=\"field-content\">\n<div class=\"field-item odd\">MEEDDM<\/div>\n<\/td>\n<\/tr>\n<\/tbody>\n<\/table>\n<\/div>\n<div class=\"field field-type-textfield-field-budget-apr\">\n<table>\n<tbody>\n<tr>\n<td class=\"field-label\">Budget<\/td>\n<td class=\"field-content\">\n<div class=\"field-item odd\">250 000 \u20ac<\/div>\n<\/td>\n<\/tr>\n<\/tbody>\n<\/table>\n<\/div>\n<\/div>\n<\/div>\n","protected":false},"excerpt":{"rendered":"<p>Fichier(s) attach\u00e9(s) Pr\u00e9sentation du projet &#8211; ppt Paluclim-rapport-final_VF_.pdf La production de cartes de risque sur la base des images satellitaires donne une nouvelle approche de t\u00e9l\u00e9-\u00e9pid\u00e9miologie. Au Burkina-Faso Soudano-Sah\u00e9lien, dans la r\u00e9gion de Nouna,&#46;&#46;&#46;<\/p>\n","protected":false},"author":1,"featured_media":0,"comment_status":"closed","ping_status":"open","sticky":false,"template":"","format":"standard","meta":{"_monsterinsights_skip_tracking":false,"_monsterinsights_sitenote_active":false,"_monsterinsights_sitenote_note":"","_monsterinsights_sitenote_category":0,"footnotes":""},"categories":[19,43,86],"tags":[],"class_list":["post-453","post","type-post","status-publish","format-standard","hentry","category-apr","category-apr-2010","category-les-projets-retenus-fr"],"_links":{"self":[{"href":"http:\/\/www.gip-ecofor.org\/gicc\/index.php?rest_route=\/wp\/v2\/posts\/453","targetHints":{"allow":["GET"]}}],"collection":[{"href":"http:\/\/www.gip-ecofor.org\/gicc\/index.php?rest_route=\/wp\/v2\/posts"}],"about":[{"href":"http:\/\/www.gip-ecofor.org\/gicc\/index.php?rest_route=\/wp\/v2\/types\/post"}],"author":[{"embeddable":true,"href":"http:\/\/www.gip-ecofor.org\/gicc\/index.php?rest_route=\/wp\/v2\/users\/1"}],"replies":[{"embeddable":true,"href":"http:\/\/www.gip-ecofor.org\/gicc\/index.php?rest_route=%2Fwp%2Fv2%2Fcomments&post=453"}],"version-history":[{"count":3,"href":"http:\/\/www.gip-ecofor.org\/gicc\/index.php?rest_route=\/wp\/v2\/posts\/453\/revisions"}],"predecessor-version":[{"id":972,"href":"http:\/\/www.gip-ecofor.org\/gicc\/index.php?rest_route=\/wp\/v2\/posts\/453\/revisions\/972"}],"wp:attachment":[{"href":"http:\/\/www.gip-ecofor.org\/gicc\/index.php?rest_route=%2Fwp%2Fv2%2Fmedia&parent=453"}],"wp:term":[{"taxonomy":"category","embeddable":true,"href":"http:\/\/www.gip-ecofor.org\/gicc\/index.php?rest_route=%2Fwp%2Fv2%2Fcategories&post=453"},{"taxonomy":"post_tag","embeddable":true,"href":"http:\/\/www.gip-ecofor.org\/gicc\/index.php?rest_route=%2Fwp%2Fv2%2Ftags&post=453"}],"curies":[{"name":"wp","href":"https:\/\/api.w.org\/{rel}","templated":true}]}}