{"id":461,"date":"2011-09-21T11:42:39","date_gmt":"2011-09-21T09:42:39","guid":{"rendered":"http:\/\/www.gip-ecofor.org\/gicc\/?p=461"},"modified":"2021-10-15T11:11:49","modified_gmt":"2021-10-15T09:11:49","slug":"epidom-evaluation-de-la-previsibilite-interannuelle-a-decennale-a-partir-des-observations-et-des-modeles","status":"publish","type":"post","link":"http:\/\/www.gip-ecofor.org\/gicc\/?p=461","title":{"rendered":"EPIDOM &#8211; \u00c9valuation de la Pr\u00e9visibilit\u00e9 Interannuelle \u00e0 D\u00e9cennale \u00e0 partir des observations et des Mod\u00e8les"},"content":{"rendered":"<h1 class=\"title\">EPIDOM &#8211; \u00c9valuation de la Pr\u00e9visibilit\u00e9 Interannuelle \u00e0 D\u00e9cennale \u00e0 partir des observations et des Mod\u00e8les<\/h1>\n<div class=\"tabs\"><\/div>\n<div id=\"node-342\" class=\"node odd full-node node-type-projet_de_recherche\">\n<div class=\"meta\"><\/div>\n<div id=\"content-middle\">\n<div class=\"block-wrapper odd\">\n<div id=\"block-attachment_block-attachment_bloc\" class=\"block block-attachment_block \">\n<div class=\"content\">\n<table id=\"table_piece_jointe\" class=\"sticky-enabled sticky-table\">\n<tbody>\n<tr>\n<th>Fichier(s) attach\u00e9(s)<\/p>\n<hr \/>\n<\/th>\n<\/tr>\n<tr>\n<td>\n<ul>\n<li class=\"pdf\"><a href=\"http:\/\/www.gip-ecofor.org\/gicc\/wp-content\/uploads\/2021\/10\/20_EPIDOM_Cassou.pdf\" target=\"_blank\" rel=\"noopener noreferrer\">Pr\u00e9sentation du projet &#8211; ppt<\/a><\/li>\n<\/ul>\n<\/td>\n<\/tr>\n<tr>\n<td>\n<ul>\n<li class=\"pdf\"><a href=\"http:\/\/www.gip-ecofor.org\/gicc\/wp-content\/uploads\/2021\/10\/RF_EPIDOM_CCassou.pdf\" target=\"_blank\" rel=\"noopener noreferrer\">RF_EPIDOM_CCassou.pdf<\/a><\/li>\n<\/ul>\n<\/td>\n<\/tr>\n<\/tbody>\n<\/table>\n<\/div>\n<\/div>\n<\/div>\n<\/div>\n<div class=\"content\">\n<p>EPIDOM vise \u00e0 estimer la pr\u00e9visibilit\u00e9 d\u00e9cennale, ses sources et son niveau d\u2019incertitude, \u00e0 partir de l\u2019exercice d\u2019intercomparaison \u00ab Coupled Model Intercomparison Pro-ject \u00bb (CMIP5) r\u00e9alis\u00e9 dans le cadre du prochain rapport du Groupe Intergouvernemental d\u2019experts sur l\u2019Evolution du Climat (GIEC) dont la publication est pr\u00e9vue en 2013-2014.<br \/>\nLe projet rassemble toute la communaut\u00e9 des climatologues fran\u00e7ais et des experts de la mod\u00e9lisation climatique.<br \/>\nLes objectifs du projet sont :<\/p>\n<ul>\n<li>apporter un soutien \u00e0 la communaut\u00e9 fran\u00e7aise pour assurer une contribution s\u00e9rieuse et significative au volet d\u00e9cennal de CMIP5 ;<\/li>\n<li>aider \u00e0 la mise en place d\u2019une coordination de la communaut\u00e9 fran\u00e7aise associ\u00e9e au CEPMMT.<\/li>\n<\/ul>\n<p>Concr\u00e8tement, il s\u2019agira d\u2019\u00e9valuer :<\/p>\n<ul>\n<li>la pr\u00e9visibilit\u00e9 d\u00e9cennale et comprendre les m\u00e9canismes physiques \u00e0 la source de la pr\u00e9visibilit\u00e9 si elle existe, d\u2019estimer sa structure spatiale et son incertitude avant d\u2019engager des applications plus pouss\u00e9es ;<\/li>\n<li>les protocoles de descente d\u2019\u00e9chelle qui sont traditionnellement utilis\u00e9s pour des applications en aval de ce type d\u2019impacts \u00e0 la fin du XXI\u00e8me si\u00e8cle, et qui restent valides \u00e0 l\u2019\u00e9chelle d\u00e9cennale sur les d\u00e9cennies 2010-2030.<\/li>\n<\/ul>\n<p>EPIDOM doit \u00eatre consid\u00e9r\u00e9 comme une \u00e9tape exploratoire pour pr\u00e9parer les recherches et les \u00e9tudes d\u2019impacts au sens usuel des termes.<\/p>\n<div class=\"field field-type-textfield-field-coordination-apr\">\n<table>\n<tbody>\n<tr>\n<td class=\"field-label\">Coordinateur(s)<\/td>\n<td class=\"field-content\">\n<div class=\"field-item odd\">\n<p><a href=\"mailto:mailto:christophe.cassou@cerfacs.fr\" target=\"_blank\" rel=\"noopener noreferrer\">Christophe Cassou<\/a> , CNRS<\/p>\n<\/div>\n<\/td>\n<\/tr>\n<\/tbody>\n<\/table>\n<\/div>\n<div class=\"field field-type-textfield-field-partenaire-apr\">\n<table>\n<tbody>\n<tr>\n<td class=\"field-label\">Partenaire(s)<\/td>\n<td class=\"field-content\">\n<div class=\"field-item odd\">\n<div>Centre Europ\u00e9en de Recherche et de Formation Avanc\u00e9e en Calcul Scientifique (Cerfacs)<br \/>\nInstitut Pierre-Simon Laplace (IPSL)<br \/>\nCentre National de Recherche M\u00e9t\u00e9orologique \u2013 M\u00e9t\u00e9o-France (CNRM-MF)<br \/>\nCentre Europ\u00e9en de Pr\u00e9vision M\u00e9t\u00e9orologique \u00e0 Moyenne Terme (CEPMMT)<br \/>\nCentre National de Recherche Scientifique, D\u00e9l\u00e9gation Paris B<br \/>\nCentre National de Recherche Scientifique, D\u00e9l\u00e9gation Midi-Pyr\u00e9n\u00e9es<\/div>\n<\/div>\n<\/td>\n<\/tr>\n<\/tbody>\n<\/table>\n<\/div>\n<div class=\"field field-type-textfield-field-financeur-apr\">\n<table>\n<tbody>\n<tr>\n<td class=\"field-label\">Financeur(s)<\/td>\n<td class=\"field-content\">\n<div class=\"field-item odd\">MEEDDM<\/div>\n<\/td>\n<\/tr>\n<\/tbody>\n<\/table>\n<\/div>\n<div class=\"field field-type-textfield-field-budget-apr\">\n<table>\n<tbody>\n<tr>\n<td class=\"field-label\">Budget<\/td>\n<td class=\"field-content\">\n<div class=\"field-item odd\">680 000\u20ac<\/div>\n<\/td>\n<\/tr>\n<\/tbody>\n<\/table>\n<\/div>\n<\/div>\n<\/div>\n","protected":false},"excerpt":{"rendered":"<p>EPIDOM &#8211; \u00c9valuation de la Pr\u00e9visibilit\u00e9 Interannuelle \u00e0 D\u00e9cennale \u00e0 partir des observations et des Mod\u00e8les Fichier(s) attach\u00e9(s) Pr\u00e9sentation du projet &#8211; ppt RF_EPIDOM_CCassou.pdf EPIDOM vise \u00e0 estimer la pr\u00e9visibilit\u00e9 d\u00e9cennale, ses sources et&#46;&#46;&#46;<\/p>\n","protected":false},"author":1,"featured_media":0,"comment_status":"closed","ping_status":"open","sticky":false,"template":"","format":"standard","meta":{"_monsterinsights_skip_tracking":false,"_monsterinsights_sitenote_active":false,"_monsterinsights_sitenote_note":"","_monsterinsights_sitenote_category":0,"footnotes":""},"categories":[19,43,86],"tags":[],"class_list":["post-461","post","type-post","status-publish","format-standard","hentry","category-apr","category-apr-2010","category-les-projets-retenus-fr"],"_links":{"self":[{"href":"http:\/\/www.gip-ecofor.org\/gicc\/index.php?rest_route=\/wp\/v2\/posts\/461","targetHints":{"allow":["GET"]}}],"collection":[{"href":"http:\/\/www.gip-ecofor.org\/gicc\/index.php?rest_route=\/wp\/v2\/posts"}],"about":[{"href":"http:\/\/www.gip-ecofor.org\/gicc\/index.php?rest_route=\/wp\/v2\/types\/post"}],"author":[{"embeddable":true,"href":"http:\/\/www.gip-ecofor.org\/gicc\/index.php?rest_route=\/wp\/v2\/users\/1"}],"replies":[{"embeddable":true,"href":"http:\/\/www.gip-ecofor.org\/gicc\/index.php?rest_route=%2Fwp%2Fv2%2Fcomments&post=461"}],"version-history":[{"count":2,"href":"http:\/\/www.gip-ecofor.org\/gicc\/index.php?rest_route=\/wp\/v2\/posts\/461\/revisions"}],"predecessor-version":[{"id":944,"href":"http:\/\/www.gip-ecofor.org\/gicc\/index.php?rest_route=\/wp\/v2\/posts\/461\/revisions\/944"}],"wp:attachment":[{"href":"http:\/\/www.gip-ecofor.org\/gicc\/index.php?rest_route=%2Fwp%2Fv2%2Fmedia&parent=461"}],"wp:term":[{"taxonomy":"category","embeddable":true,"href":"http:\/\/www.gip-ecofor.org\/gicc\/index.php?rest_route=%2Fwp%2Fv2%2Fcategories&post=461"},{"taxonomy":"post_tag","embeddable":true,"href":"http:\/\/www.gip-ecofor.org\/gicc\/index.php?rest_route=%2Fwp%2Fv2%2Ftags&post=461"}],"curies":[{"name":"wp","href":"https:\/\/api.w.org\/{rel}","templated":true}]}}