{"id":478,"date":"2008-01-21T11:51:55","date_gmt":"2008-01-21T10:51:55","guid":{"rendered":"http:\/\/www.gip-ecofor.org\/gicc\/?p=478"},"modified":"2021-10-20T17:24:02","modified_gmt":"2021-10-20T15:24:02","slug":"gerer-les-deplacements-des-populations-dues-aux-phenomenes-climatiques-extremes-exclim","status":"publish","type":"post","link":"http:\/\/www.gip-ecofor.org\/gicc\/?p=478","title":{"rendered":"G\u00e9rer les d\u00e9placements des populations dues aux ph\u00e9nom\u00e8nes climatiques extr\u00eames (EXCLIM)"},"content":{"rendered":"<div id=\"node-313\" class=\"node odd full-node node-type-projet_de_recherche\">\n<div class=\"meta\"><\/div>\n<div id=\"content-middle\">\n<div class=\"block-wrapper odd\">\n<div id=\"block-attachment_block-attachment_bloc\" class=\"block block-attachment_block \">\n<div class=\"content\">\n<table id=\"table_piece_jointe\" class=\"sticky-enabled sticky-table\">\n<tbody>\n<tr>\n<th>Fichier(s) attach\u00e9(s)<\/p>\n<hr \/>\n<\/th>\n<\/tr>\n<tr>\n<td>\n<ul>\n<li class=\"pdf\"><a href=\"http:\/\/www.gip-ecofor.org\/gicc\/wp-content\/uploads\/2021\/10\/10_EXCLIM_Mancebo_ReacpitulatifProjet.pdf\" target=\"_blank\" rel=\"noopener noreferrer\">R\u00e9capitulatif projet<\/a><\/li>\n<\/ul>\n<\/td>\n<\/tr>\n<tr>\n<td>\n<ul>\n<li class=\"pdf\"><a href=\"http:\/\/www.gip-ecofor.org\/gicc\/wp-content\/uploads\/2021\/10\/10_EXCLIM_Mancebo_RF.pdf\" target=\"_blank\" rel=\"noopener noreferrer\">Rapport final<\/a><\/li>\n<\/ul>\n<\/td>\n<\/tr>\n<\/tbody>\n<\/table>\n<\/div>\n<\/div>\n<\/div>\n<\/div>\n<div class=\"content\">\n<p>Le changement climatique est un probl\u00e8me mondial majeur qui lie par excellence le destin de l\u2019homme avec celui de son environnement. Il n\u00e9cessite de ce fait une r\u00e9flexion syst\u00e9mique seule capable de mettre en \u00e9vidence l\u2019interrelation et l\u2019interd\u00e9pendance entre la qualit\u00e9 de l\u2019environnement et la vie humaine. La question du changement du climat plan\u00e9taire impose en effet de rompre avec la coupure sociologique fr\u00e9quente entre l\u2019homme et la nature. Elle impose de croiser les visions anthropocentrique et \u00e9cocentrique afin de permettre une analyse et une compr\u00e9hension (holistique) globale de cet enjeu seul capable d\u2019aboutir \u00e0 des sc\u00e9narios d\u2019action pertinents. La pr\u00e9sente proposition r\u00e9unit des sp\u00e9cialistes de l\u2019environnement, du d\u00e9veloppement durable et des sp\u00e9cialistes des migrations venant de disciplines diff\u00e9rentes (science politique, droit, sociologie, g\u00e9ographie, am\u00e9nagement) afin de produire une connaissance utile sur le comportement des gens touch\u00e9s par des crises climatiques.<\/p>\n<div>Les mouvements migratoires, transfrontaliers ou locaux de populations dus \u00e0 des d\u00e9gradations caus\u00e9es par le changement climatique ne rel\u00e8vent pas d\u2019un sc\u00e9nario de fiction, ni d\u2019un avenir lointain. Ils se produisent certes \u00e0 une \u00e9chelle encore restreinte, sur le plan territorial, mais, d\u00e9j\u00e0, rendent vuln\u00e9rables des communaut\u00e9s enti\u00e8res et obligent les habitants \u00e0 se d\u00e9placer de mani\u00e8re provisoire ou permanente pour assurer leur survie. Des exemples existent tant sur le continent asiatique et aux U.S.A. avec les ph\u00e9nom\u00e8nes cycloniques, qu\u2019aux \u00eeles du pacifique avec la mont\u00e9e des eaux ou en Europe avec les inondations et les incendies de grande ampleur du sud.<\/p>\n<p>Sans attendre d\u2019arriver aux estimations cataclysmiques \u00e9voquant des millions de r\u00e9fugi\u00e9s d\u2019ici 2050, il est urgent d\u2019\u00e9tudier les m\u00e9canismes qui se mettent en place spontan\u00e9ment ou de mani\u00e8re programm\u00e9e et qui permettent aux diff\u00e9rentes soci\u00e9t\u00e9s touch\u00e9es par ces crises d\u2019y faire face. Si le changement du climat est d\u2019ores et d\u00e9j\u00e0 in\u00e9vitable (GIEC, 2007), la syst\u00e9matisation de l\u2019exp\u00e9rience du pr\u00e9sent est plus qu\u2019indispensable pour penser les politiques publiques de demain.<\/p>\n<\/div>\n<div><strong>Notre objectif est double. <\/strong><\/div>\n<div>(1) Il consiste d\u2019une part \u00e0 analyser une s\u00e9rie de cas o\u00f9 l\u2019on enregistre des d\u00e9placements de populations li\u00e9s au d\u00e9r\u00e8glement du climat en vue d\u2019appr\u00e9hender les m\u00e9canismes qui se mettent en place spontan\u00e9ment ou de mani\u00e8re programm\u00e9e et qui permettent aux diff\u00e9rentes soci\u00e9t\u00e9s touch\u00e9es par ces crises d\u2019y faire face. Nous consid\u00e9rons en effet que la syst\u00e9matisation de l\u2019exp\u00e9rience du pr\u00e9sent est indispensable pour l\u2019\u00e9laboration des politiques de demain. (<\/div>\n<div>2) Il consiste d\u2019autre part \u00e0 analyser l\u2019espace international dont les diverses initiatives et cadres d\u2019action influent sur l\u2019\u00e9mergence d\u2019une gouvernance visant \u00e0 prot\u00e9ger et pr\u00e9venir les migrations climatiques. Nous consid\u00e9rons que le d\u00e9fi global impos\u00e9 par le changement climatique fait que les politiques publiques locales et internationales se conditionnent mutuellement et se l\u00e9gitiment r\u00e9ciproquement. Il est d\u00e8s lors indispensable de mener simultan\u00e9ment une analyse transcendant les particularismes territoriaux<\/div>\n<div>Partant des trois causes majeures de migrations climatiques- l\u2019intensit\u00e9 accrue des temp\u00eates tropicales, des pluies et des inondations, l\u2019accroissement du nombre de s\u00e9cheresses en liaison avec les risques de famine et l\u2019\u00e9l\u00e9vation du niveau de la mer &#8211; nous avons choisi d\u2019analyser les cas suivants : trois cas portant sur des ph\u00e9nom\u00e8nes de s\u00e9cheresse (incendies sauvages en Gr\u00e8ce, crise rurale (Turquie), ins\u00e9curit\u00e9 alimentaire (Niger), un cas portant sur le ph\u00e9nom\u00e8ne d\u2019inondations (Italie), un cas portant sur la mont\u00e9e des eaux (Maldives) et un cas porte sur les ph\u00e9nom\u00e8nes cycloniques exceptionnels (N. Orl\u00e9ans). Parall\u00e8lement, les cas s\u00e9lectionn\u00e9s portent sur des pays qui connaissent un d\u00e9veloppement tr\u00e8s diff\u00e9rent de leurs capacit\u00e9s providentielles et des syst\u00e8mes assurantiels ce qui renforce l\u2019apport de la d\u00e9marche comparative. Dans ce premier niveau analytique 3 axes d\u2019interrogation sont retenus :<\/div>\n<div>\n<ul>\n<li>La perception qu\u2019ont les acteurs concern\u00e9s par la crise climatique de leur v\u00e9cu<\/li>\n<li>l\u2019impact des programmes d\u2019\u00e9ducation et de sensibilisation \u00e9ventuellement mis en place sur le comportement de ces acteurs.<\/li>\n<li>L\u2019interaction entre les politiques publiques \u00e9labor\u00e9es par les autorit\u00e9s suite \u00e0 la crise et les processus d\u2019adaptation spontan\u00e9e des populations.<\/li>\n<li>Les obstacles organisationnels et institutionnels locaux dans la gestion coordonn\u00e9e des mouvements migratoires et de la lutte contre le changement climatique.<\/li>\n<\/ul>\n<\/div>\n<p>Dans le cadre du deuxi\u00e8me niveau analytique international trois axes d\u2019interrogation transversaux sont \u00e9galement retenus :<\/p>\n<ul>\n<li>La place des migrations climatiques dans les n\u00e9gociations \u00ab Kyoto 2 \u00bb.<\/li>\n<li>Les questions de justification et de viabilit\u00e9 des protections juridiques.<\/li>\n<li>L\u2019\u00e9valuation des programmes internationaux de pr\u00e9vention et d\u2019att\u00e9nuation des catastrophes et de secours d\u2019urgence aux populations d\u00e9plac\u00e9es.<\/li>\n<\/ul>\n<p>Une interaction continue existe en effet entre les exp\u00e9riences v\u00e9cues au niveau local et les d\u00e9bats et instruments d\u2019action propos\u00e9s au niveau international. Non seulement les crises climatiques servent de base pour penser les syst\u00e8mes globaux de pr\u00e9vention, d\u2019att\u00e9nuation et d\u2019adaptation aux risques mais aussi les initiatives internationales servent de r\u00e9f\u00e9rence cognitive et gestionnaire pour penser et traiter les probl\u00e8mes territoriaux. La compl\u00e9mentarit\u00e9 entre les deux niveaux analytiques est donc indispensable en vue d\u2019aboutir \u00e0 des constatations permettant d\u2019am\u00e9liorer les politiques publiques de gestion des impacts humains du changement climatique tant territoriales qu\u2019internationales.<\/p>\n<div class=\"field field-type-textfield-field-coordination-apr\">\n<table>\n<tbody>\n<tr>\n<td class=\"field-label\">Coordinateur(s)<\/td>\n<td class=\"field-content\">\n<div class=\"field-item odd\">\n<p><strong>Fran\u00e7ois Mancebo et Chlo\u00e9 Vlassopoulou<\/strong> (Centre Universitaire de Recherches sur l\u2019Action Publique et Politique, Epist\u00e9mologie et Sciences Sociales (CURAPP) UMR 6054 CNRS &amp; PACTE (UMR CNRS\/IEP\/UPMF\/UJF 5194))<\/p>\n<\/div>\n<\/td>\n<\/tr>\n<\/tbody>\n<\/table>\n<\/div>\n<div class=\"field field-type-textfield-field-financeur-apr\">\n<table>\n<tbody>\n<tr>\n<td class=\"field-label\">Financeur(s)<\/td>\n<td class=\"field-content\">\n<div class=\"field-item odd\">MEEDDM<\/div>\n<\/td>\n<\/tr>\n<\/tbody>\n<\/table>\n<\/div>\n<div class=\"field field-type-textfield-field-budget-apr\">\n<table>\n<tbody>\n<tr>\n<td class=\"field-label\">Budget<\/td>\n<td class=\"field-content\">\n<div class=\"field-item odd\">243 628 \u20ac TTC<\/div>\n<\/td>\n<\/tr>\n<\/tbody>\n<\/table>\n<\/div>\n<\/div>\n<\/div>\n","protected":false},"excerpt":{"rendered":"<p>Fichier(s) attach\u00e9(s) R\u00e9capitulatif projet Rapport final Le changement climatique est un probl\u00e8me mondial majeur qui lie par excellence le destin de l\u2019homme avec celui de son environnement. Il n\u00e9cessite de ce fait une r\u00e9flexion&#46;&#46;&#46;<\/p>\n","protected":false},"author":1,"featured_media":0,"comment_status":"closed","ping_status":"open","sticky":false,"template":"","format":"standard","meta":{"_monsterinsights_skip_tracking":false,"_monsterinsights_sitenote_active":false,"_monsterinsights_sitenote_note":"","_monsterinsights_sitenote_category":0,"footnotes":""},"categories":[19,41,88],"tags":[],"class_list":["post-478","post","type-post","status-publish","format-standard","hentry","category-apr","category-apr-2008","category-les-projets-retenus-fr-apr-2008"],"_links":{"self":[{"href":"http:\/\/www.gip-ecofor.org\/gicc\/index.php?rest_route=\/wp\/v2\/posts\/478","targetHints":{"allow":["GET"]}}],"collection":[{"href":"http:\/\/www.gip-ecofor.org\/gicc\/index.php?rest_route=\/wp\/v2\/posts"}],"about":[{"href":"http:\/\/www.gip-ecofor.org\/gicc\/index.php?rest_route=\/wp\/v2\/types\/post"}],"author":[{"embeddable":true,"href":"http:\/\/www.gip-ecofor.org\/gicc\/index.php?rest_route=\/wp\/v2\/users\/1"}],"replies":[{"embeddable":true,"href":"http:\/\/www.gip-ecofor.org\/gicc\/index.php?rest_route=%2Fwp%2Fv2%2Fcomments&post=478"}],"version-history":[{"count":2,"href":"http:\/\/www.gip-ecofor.org\/gicc\/index.php?rest_route=\/wp\/v2\/posts\/478\/revisions"}],"predecessor-version":[{"id":1034,"href":"http:\/\/www.gip-ecofor.org\/gicc\/index.php?rest_route=\/wp\/v2\/posts\/478\/revisions\/1034"}],"wp:attachment":[{"href":"http:\/\/www.gip-ecofor.org\/gicc\/index.php?rest_route=%2Fwp%2Fv2%2Fmedia&parent=478"}],"wp:term":[{"taxonomy":"category","embeddable":true,"href":"http:\/\/www.gip-ecofor.org\/gicc\/index.php?rest_route=%2Fwp%2Fv2%2Fcategories&post=478"},{"taxonomy":"post_tag","embeddable":true,"href":"http:\/\/www.gip-ecofor.org\/gicc\/index.php?rest_route=%2Fwp%2Fv2%2Ftags&post=478"}],"curies":[{"name":"wp","href":"https:\/\/api.w.org\/{rel}","templated":true}]}}