{"id":494,"date":"2008-01-21T11:56:39","date_gmt":"2008-01-21T10:56:39","guid":{"rendered":"http:\/\/www.gip-ecofor.org\/gicc\/?p=494"},"modified":"2021-10-20T16:54:15","modified_gmt":"2021-10-20T14:54:15","slug":"adaptation-au-changement-climatique-en-rhone-alpes-partenariat-operationnel-entre-equipes-de-recherche-et-collectivites-territoriales","status":"publish","type":"post","link":"http:\/\/www.gip-ecofor.org\/gicc\/?p=494","title":{"rendered":"Adaptation au changement climatique en Rh\u00f4ne-Alpes : partenariat op\u00e9rationnel entre \u00e9quipes de recherche et collectivit\u00e9s territoriales"},"content":{"rendered":"<div id=\"node-321\" class=\"node odd full-node node-type-projet_de_recherche\">\n<div class=\"content\">\n<p>En r\u00e9gion Rh\u00f4ne-Alpes, un Groupe de R\u00e9flexion et d\u2019Actions sur l\u2019Adaptation au Changement Climatique (GRAACC) a \u00e9t\u00e9 mis en place \u00e0 l\u2019initiative de Rh\u00f4nalp\u00e9nergie\u2013Environnement (RAEE) en juin 2008. Une quarantaine de repr\u00e9sentants de la recherche, de collectivit\u00e9s territoriales, de l&rsquo;agriculture, de l&rsquo;environnement ou d\u2019associations ont particip\u00e9 \u00e0 cette premi\u00e8re r\u00e9union (cf. compte rendu de la r\u00e9union en Annexe 1). Ce groupe a pour objectif de sensibiliser les acteurs rh\u00f4nalpins \u00e0 cette probl\u00e9matique et d\u2019\u00e9changer sur les bonnes pratiques en mati\u00e8re d\u2019actions concr\u00e8tes d\u2019adaptation.<\/p>\n<p>Ce projet de recherche et d\u2019action regroupe une partie des membres du GRAACC afin, non seulement de mieux sensibiliser les acteurs du territoire, de cr\u00e9er des liens entre la recherche et les d\u00e9cideurs, et par cons\u00e9quent de faire avancer et de mutualiser la connaissance sur l\u2019adaptation au changement climatique en r\u00e9gion Rh\u00f4ne-Alpes, mais aussi d\u2019apporter des premiers \u00e9l\u00e9ments de r\u00e9ponse concrets visibles sur le terrain.<\/p>\n<p>Afin d\u2019inciter et de donner des outils aux d\u00e9cideurs pour prendre en compte la probl\u00e9matique de l\u2019adaptation aux changements climatiques, la r\u00e9daction d\u2019un guide est pr\u00e9vue dans le cadre de ce projet. Ce guide se d\u00e9composera en trois parties :<\/p>\n<ul>\n<li>comment sensibiliser un \u00e9lu \u00e0 la probl\u00e9matique de l\u2019adaptation au changement climatique ?<\/li>\n<li>catalogue d\u2019op\u00e9rations exemplaires en mati\u00e8re d\u2019adaptation<\/li>\n<li>comment mettre en place des strat\u00e9gies d\u2019adaptation sur des territoires.<\/li>\n<\/ul>\n<p>Pour illustrer concr\u00e8tement la probl\u00e9matique, des exp\u00e9rimentations sont \u00e9galement pr\u00e9vues. Elles porteront sur :<br \/>\n&#8211; la v\u00e9g\u00e9talisation de b\u00e2timents en zone urbaine sur le territoire de la Ville de Lyon<br \/>\n&#8211; et sur des sc\u00e9narios d\u2019\u00e9volutions de la ressource en eau en lien avec les activit\u00e9s agro-foresti\u00e8res et touristiques en zone de moyenne montagne sur le territoire du d\u00e9partement de la Dr\u00f4me.<\/p>\n<p>Ces exp\u00e9rimentations associeront une collectivit\u00e9 et une \u00e9quipe de recherche afin d\u2019initier des coop\u00e9rations chercheurs \u2013 d\u00e9cideurs en r\u00e9gion, coop\u00e9ration indispensable pour faire avancer l\u2019\u00e9tat de la connaissance sur cette probl\u00e9matique.<\/p>\n<p>L\u2019exp\u00e9rimentation en zone urbaine permettra d\u2019\u00e9valuer l&rsquo;impact :<\/p>\n<div>\n<ul>\n<li>des toitures v\u00e9g\u00e9talis\u00e9es sur la gestion des pics de chaleur et de la ressource en eau<\/li>\n<li>des murs v\u00e9g\u00e9talis\u00e9s sur la gestion des pics de chaleur.<\/li>\n<\/ul>\n<\/div>\n<p>L\u2019exp\u00e9rimentation en zone de moyenne montagne permettra d\u2019\u00e9tudier l\u2019impact du changement climatique sur la ressource en eau sur l\u2019ensemble du d\u00e9partement et, en particulier, les effets des modifications potentielles de la ressource en eau sur le tourisme et l\u2019agriculture, et de proposer des sc\u00e9narios d\u2019adaptation.<\/p>\n<p>Les \u00e9quipes impliqu\u00e9es dans les deux exp\u00e9rimentations contribueront \u00e9galement \u00e0 la r\u00e9daction et \u00e0 la validation des diff\u00e9rentes parties du guide.<\/p>\n<div class=\"field field-type-textfield-field-coordination-apr\">\n<table>\n<tbody>\n<tr>\n<td class=\"field-label\">Coordinateur(s)<\/td>\n<td class=\"field-content\">\n<div class=\"field-item odd\">\n<p><strong>Pierrick Yalamas<\/strong>, Rh\u00f4nalp\u00e9nergie\u2013Environnement (RAEE)<\/p>\n<\/div>\n<\/td>\n<\/tr>\n<\/tbody>\n<\/table>\n<\/div>\n<div class=\"field field-type-textfield-field-partenaire-apr\">\n<table>\n<tbody>\n<tr>\n<td class=\"field-label\">Partenaire(s)<\/td>\n<td class=\"field-content\">\n<div class=\"field-item odd\">\n<p>&#8211; Laboratoire Optimisation de la Conception et Ing\u00e9nierie de l&rsquo;Environnement (LOCIE )<br \/>\n&#8211; Laboratoire de g\u00e9nie Civil et d\u2019Ing\u00e9nierie Environnementale (LGCIE), INSA<br \/>\n&#8211; Direction des Espaces Verts, Ville de Lyon<br \/>\n&#8211; Canevaflor<br \/>\n&#8211; Laboratoire d\u2019\u00e9tude des Transferts en Hydrologie et Environnement (LTHE)<br \/>\n&#8211; Etude des Structures, des Processus d\u2019Adaptation et des Changements de l\u2019Espace (ESPACE)<br \/>\n&#8211; Institut de G\u00e9omatique et d\u2019Analyse du Risque (IGAR)<br \/>\n&#8211; Politiques publiques, Action politique, Territoires (PACTE-Territoires)<br \/>\n&#8211; Mission d\u00e9veloppement durable, Conseil g\u00e9n\u00e9ral de la Dr\u00f4me<\/p>\n<\/div>\n<\/td>\n<\/tr>\n<\/tbody>\n<\/table>\n<\/div>\n<div class=\"field field-type-textfield-field-financeur-apr\">\n<table>\n<tbody>\n<tr>\n<td class=\"field-label\">Financeur(s)<\/td>\n<td class=\"field-content\">\n<div class=\"field-item odd\">MEEDDM<\/div>\n<\/td>\n<\/tr>\n<\/tbody>\n<\/table>\n<\/div>\n<div class=\"field field-type-textfield-field-budget-apr\">\n<table>\n<tbody>\n<tr>\n<td class=\"field-label\">Budget<\/td>\n<td class=\"field-content\">\n<div class=\"field-item odd\">180 000\u20ac TTC<\/div>\n<\/td>\n<\/tr>\n<\/tbody>\n<\/table>\n<\/div>\n<\/div>\n<\/div>\n","protected":false},"excerpt":{"rendered":"<p>En r\u00e9gion Rh\u00f4ne-Alpes, un Groupe de R\u00e9flexion et d\u2019Actions sur l\u2019Adaptation au Changement Climatique (GRAACC) a \u00e9t\u00e9 mis en place \u00e0 l\u2019initiative de Rh\u00f4nalp\u00e9nergie\u2013Environnement (RAEE) en juin 2008. Une quarantaine de repr\u00e9sentants de la&#46;&#46;&#46;<\/p>\n","protected":false},"author":1,"featured_media":0,"comment_status":"closed","ping_status":"open","sticky":false,"template":"","format":"standard","meta":{"_monsterinsights_skip_tracking":false,"_monsterinsights_sitenote_active":false,"_monsterinsights_sitenote_note":"","_monsterinsights_sitenote_category":0,"footnotes":""},"categories":[19,41,88],"tags":[],"class_list":["post-494","post","type-post","status-publish","format-standard","hentry","category-apr","category-apr-2008","category-les-projets-retenus-fr-apr-2008"],"_links":{"self":[{"href":"http:\/\/www.gip-ecofor.org\/gicc\/index.php?rest_route=\/wp\/v2\/posts\/494","targetHints":{"allow":["GET"]}}],"collection":[{"href":"http:\/\/www.gip-ecofor.org\/gicc\/index.php?rest_route=\/wp\/v2\/posts"}],"about":[{"href":"http:\/\/www.gip-ecofor.org\/gicc\/index.php?rest_route=\/wp\/v2\/types\/post"}],"author":[{"embeddable":true,"href":"http:\/\/www.gip-ecofor.org\/gicc\/index.php?rest_route=\/wp\/v2\/users\/1"}],"replies":[{"embeddable":true,"href":"http:\/\/www.gip-ecofor.org\/gicc\/index.php?rest_route=%2Fwp%2Fv2%2Fcomments&post=494"}],"version-history":[{"count":2,"href":"http:\/\/www.gip-ecofor.org\/gicc\/index.php?rest_route=\/wp\/v2\/posts\/494\/revisions"}],"predecessor-version":[{"id":985,"href":"http:\/\/www.gip-ecofor.org\/gicc\/index.php?rest_route=\/wp\/v2\/posts\/494\/revisions\/985"}],"wp:attachment":[{"href":"http:\/\/www.gip-ecofor.org\/gicc\/index.php?rest_route=%2Fwp%2Fv2%2Fmedia&parent=494"}],"wp:term":[{"taxonomy":"category","embeddable":true,"href":"http:\/\/www.gip-ecofor.org\/gicc\/index.php?rest_route=%2Fwp%2Fv2%2Fcategories&post=494"},{"taxonomy":"post_tag","embeddable":true,"href":"http:\/\/www.gip-ecofor.org\/gicc\/index.php?rest_route=%2Fwp%2Fv2%2Ftags&post=494"}],"curies":[{"name":"wp","href":"https:\/\/api.w.org\/{rel}","templated":true}]}}