{"id":500,"date":"2005-01-21T12:03:09","date_gmt":"2005-01-21T11:03:09","guid":{"rendered":"http:\/\/www.gip-ecofor.org\/gicc\/?p=500"},"modified":"2021-10-21T16:08:22","modified_gmt":"2021-10-21T14:08:22","slug":"impact-du-changement-climatique-sur-les-ressources-en-eau-et-les-extremes-hydrologiques-dans-les-bassins-de-la-seine-et-de-la-somme-rexhyss","status":"publish","type":"post","link":"http:\/\/www.gip-ecofor.org\/gicc\/?p=500","title":{"rendered":"Impact du changement climatique sur les ressources en eau et les extr\u00eames hydrologiques dans les bassins de la Seine et de la Somme (RExHySS)"},"content":{"rendered":"<div id=\"node-284\" class=\"node odd full-node node-type-projet_de_recherche\">\n<div id=\"content-middle\">\n<div class=\"block-wrapper odd\">\n<div id=\"block-attachment_block-attachment_bloc\" class=\"block block-attachment_block \">\n<div class=\"content\">\n<table id=\"table_piece_jointe\" class=\"sticky-enabled sticky-table\">\n<tbody>\n<tr>\n<th>Fichier(s) attach\u00e9(s)<\/p>\n<hr \/>\n<\/th>\n<\/tr>\n<tr>\n<td>\n<ul>\n<li class=\"pdf\"><a href=\"http:\/\/www.gip-ecofor.org\/gicc\/wp-content\/uploads\/2021\/10\/RF_RExHySS_2005.pdf\" target=\"_blank\" rel=\"noopener noreferrer\">Rapport final <\/a><\/li>\n<\/ul>\n<\/td>\n<\/tr>\n<tr>\n<td>\n<ul>\n<li class=\"pdf\"><a href=\"http:\/\/www.gip-ecofor.org\/gicc\/wp-content\/uploads\/2021\/10\/Pres_RExHySS_2005.pdf\" target=\"_blank\" rel=\"noopener noreferrer\">Pr\u00e9sentation du projet &#8211; ppt<\/a><\/li>\n<\/ul>\n<\/td>\n<\/tr>\n<\/tbody>\n<\/table>\n<\/div>\n<\/div>\n<\/div>\n<\/div>\n<div class=\"content\">\n<p>L&rsquo;objectif de ce projet est d&rsquo;\u00e9valuer l&rsquo;impact du changement climatique d\u2019origine anthropique sur les extr\u00eames hydrologiques dans les bassins versants de la Seine et de la Somme. Nous profiterons de deux nouvelles m\u00e9thodes de d\u00e9sagr\u00e9gation des simulations de changement climatique (m\u00e9thode des r\u00e9gimes de temps et m\u00e9thode de la correction variable) qui permettent de rendre compte des changements de variabilit\u00e9 du climat, de l&rsquo;\u00e9chelle journali\u00e8re \u00e0 interannuelle, en plus du changement de climat moyen.<\/p>\n<p>Nous chercherons d&rsquo;abord \u00e0 caract\u00e9riser comment le changement climatique est susceptible de modifier la distribution de ces extr\u00eames, en terme de crues, d&rsquo;\u00e9tiages et de s\u00e9cheresse (analyse fr\u00e9quentielle et pr\u00e9d\u00e9termination). Ces analyses seront aliment\u00e9es par les d\u00e9bits, humidit\u00e9s du sol et niveaux pi\u00e9zom\u00e9triques simul\u00e9s par plusieurs mod\u00e8les hydrologiques. Nous nous int\u00e9resserons ensuite \u00e0 certaines manifestations de ces extr\u00eames particuli\u00e8rement sensibles pour la soci\u00e9t\u00e9. Concernant les inondations, nous d\u00e9terminerons les modifications de leur extension dans des zones cl\u00e9s des bassins (vall\u00e9e de la Somme en amont d\u2019Abbeville, corridor fluvial de la Seine, incluant Paris et plaine alluviale de la Bass\u00e9e) pour certaines p\u00e9riodes de retour. Nous nous int\u00e9resserons aussi aux relations entre l&rsquo;agriculture et les hydrosyst\u00e8mes continentaux, en ce qui concerne les besoins en irrigation, leur impact sur la ressource en eau et la production agricole, et la pollution diffuse par les nitrates, qui peuvent \u00eatre simul\u00e9s dans le bassin de la Seine gr\u00e2ce au mod\u00e8le coupl\u00e9 STICS\/MODCOU. Nous \u00e9valuerons comment ces processus et leurs interactions peuvent \u00eatre modifi\u00e9s sous l&rsquo;effet du changement climatique, en distinguant l&rsquo;effet du changement de climat moyen et celui du changement de variabilit\u00e9.<\/p>\n<p>Le dernier volet de ce projet sera d\u00e9di\u00e9 aux r\u00e9troactions entre les changements de l&rsquo;hydrosyst\u00e8me et les syst\u00e8mes sociaux. Nous proposons de diffuser nos r\u00e9sultats aux acteurs de l\u2019am\u00e9nagement du territoire et de la gestion de l\u2019eau dans les bassins versants \u00e9tudi\u00e9s, sous une forme adapt\u00e9e pour leur permettre une expertise socio-\u00e9conomique de la modification des extr\u00eames hydrologiques, et d\u00e9finie avec eux. Parmi les questions sensibles dans ce cadre, on trouve les rejets urbains de temps de pluie et l&rsquo;influence des inondations sur les infrastructures, les transports ou la production d&rsquo;\u00e9nergie. Ce type d&rsquo;analyse, m\u00eame qualitative, est important pour \u00e9tayer des strat\u00e9gies d&rsquo;adaptation au changement climatique, mais ces derni\u00e8res ne seront pas abord\u00e9es par ce projet.<\/p>\n<p><strong>Plus d&rsquo;informations <a href=\"http:\/\/www.sisyphe.jussieu.fr\/%7Eagnes\/rexhyss\/index.php\" target=\"_blank\" rel=\"noopener noreferrer\">sur le site du projet. <\/a><\/strong><\/p>\n<div class=\"field field-type-textfield-field-coordination-apr\">\n<table>\n<tbody>\n<tr>\n<td class=\"field-label\">Coordinateur(s)<\/td>\n<td class=\"field-content\">\n<div class=\"field-item odd\">\n<p><a href=\"mailto:Agnes.Ducharne@ccr.jussieu.fr\">Agn\u00e8s DUCHARNE<\/a>, CR1 CNRS UMR 7619 Sisyphe<\/p>\n<\/div>\n<\/td>\n<\/tr>\n<\/tbody>\n<\/table>\n<\/div>\n<div class=\"field field-type-textfield-field-partenaire-apr\">\n<table>\n<tbody>\n<tr>\n<td class=\"field-label\">Partenaire(s)<\/td>\n<td class=\"field-content\">\n<div class=\"field-item odd\">\n<p>CNRS<br \/>\nCERFACS<br \/>\nCemagref Lyon<br \/>\nBRGM Orl\u00e9ans<br \/>\nArmines<br \/>\nUMR EGC (INRA\/INA-PG)<br \/>\nBureaux d\u2019\u00e9tudes : Hydratec pour la Seine et SOGREAH pour la Somme<\/p>\n<\/div>\n<\/td>\n<\/tr>\n<\/tbody>\n<\/table>\n<\/div>\n<div class=\"field field-type-textfield-field-financeur-apr\">\n<table>\n<tbody>\n<tr>\n<td class=\"field-label\">Financeur(s)<\/td>\n<td class=\"field-content\">\n<div class=\"field-item odd\">MEEDDM<\/div>\n<\/td>\n<\/tr>\n<\/tbody>\n<\/table>\n<\/div>\n<\/div>\n<\/div>\n","protected":false},"excerpt":{"rendered":"<p>Fichier(s) attach\u00e9(s) Rapport final Pr\u00e9sentation du projet &#8211; ppt L&rsquo;objectif de ce projet est d&rsquo;\u00e9valuer l&rsquo;impact du changement climatique d\u2019origine anthropique sur les extr\u00eames hydrologiques dans les bassins versants de la Seine et de&#46;&#46;&#46;<\/p>\n","protected":false},"author":1,"featured_media":0,"comment_status":"closed","ping_status":"open","sticky":false,"template":"","format":"standard","meta":{"_monsterinsights_skip_tracking":false,"_monsterinsights_sitenote_active":false,"_monsterinsights_sitenote_note":"","_monsterinsights_sitenote_category":0,"footnotes":""},"categories":[19,39,90],"tags":[],"class_list":["post-500","post","type-post","status-publish","format-standard","hentry","category-apr","category-apr-2005","category-les-projets-retenus-fr-apr-2005"],"_links":{"self":[{"href":"http:\/\/www.gip-ecofor.org\/gicc\/index.php?rest_route=\/wp\/v2\/posts\/500","targetHints":{"allow":["GET"]}}],"collection":[{"href":"http:\/\/www.gip-ecofor.org\/gicc\/index.php?rest_route=\/wp\/v2\/posts"}],"about":[{"href":"http:\/\/www.gip-ecofor.org\/gicc\/index.php?rest_route=\/wp\/v2\/types\/post"}],"author":[{"embeddable":true,"href":"http:\/\/www.gip-ecofor.org\/gicc\/index.php?rest_route=\/wp\/v2\/users\/1"}],"replies":[{"embeddable":true,"href":"http:\/\/www.gip-ecofor.org\/gicc\/index.php?rest_route=%2Fwp%2Fv2%2Fcomments&post=500"}],"version-history":[{"count":2,"href":"http:\/\/www.gip-ecofor.org\/gicc\/index.php?rest_route=\/wp\/v2\/posts\/500\/revisions"}],"predecessor-version":[{"id":1072,"href":"http:\/\/www.gip-ecofor.org\/gicc\/index.php?rest_route=\/wp\/v2\/posts\/500\/revisions\/1072"}],"wp:attachment":[{"href":"http:\/\/www.gip-ecofor.org\/gicc\/index.php?rest_route=%2Fwp%2Fv2%2Fmedia&parent=500"}],"wp:term":[{"taxonomy":"category","embeddable":true,"href":"http:\/\/www.gip-ecofor.org\/gicc\/index.php?rest_route=%2Fwp%2Fv2%2Fcategories&post=500"},{"taxonomy":"post_tag","embeddable":true,"href":"http:\/\/www.gip-ecofor.org\/gicc\/index.php?rest_route=%2Fwp%2Fv2%2Ftags&post=500"}],"curies":[{"name":"wp","href":"https:\/\/api.w.org\/{rel}","templated":true}]}}