{"id":510,"date":"2005-01-21T12:07:54","date_gmt":"2005-01-21T11:07:54","guid":{"rendered":"http:\/\/www.gip-ecofor.org\/gicc\/?p=510"},"modified":"2021-10-21T16:01:08","modified_gmt":"2021-10-21T14:01:08","slug":"carbo-france-impact-des-extremes-climatiques-sur-les-flux-de-carbone-a-lechelle-de-la-france","status":"publish","type":"post","link":"http:\/\/www.gip-ecofor.org\/gicc\/?p=510","title":{"rendered":"CARBO France : Impact des extr\u00eames climatiques sur les flux de carbone \u00e0 l&rsquo;\u00e9chelle de la France"},"content":{"rendered":"<div id=\"node-293\" class=\"node odd full-node node-type-projet_de_recherche\">\n<div id=\"content-middle\">\n<div class=\"block-wrapper odd\">\n<div id=\"block-attachment_block-attachment_bloc\" class=\"block block-attachment_block \">\n<div class=\"content\">\n<table id=\"table_piece_jointe\" class=\"sticky-enabled sticky-table\">\n<tbody>\n<tr>\n<th>Fichier(s) attach\u00e9(s)<\/p>\n<hr \/>\n<\/th>\n<\/tr>\n<tr>\n<td>\n<ul>\n<li class=\"pdf\"><a href=\"http:\/\/www.gip-ecofor.org\/gicc\/wp-content\/uploads\/2021\/10\/Pres_CARBO_France_2005.pdf\" target=\"_blank\" rel=\"noopener noreferrer\">Pr\u00e9sentation du projet &#8211; ppt<\/a><\/li>\n<\/ul>\n<\/td>\n<\/tr>\n<\/tbody>\n<\/table>\n<\/div>\n<\/div>\n<\/div>\n<\/div>\n<div class=\"content\">\n<p><strong>&#8211; Le rapport final de ce projet n&rsquo;est pas disponible &#8211;<\/strong><\/p>\n<p>Le projet CARBO-FRANCE a pour objectif de quantifier l\u2019impact et de comprendre des \u00e9v\u00e8nements climatiques extr\u00eames sur les flux de carbone \u00e0 partir des donn\u00e9es acquises pour les s\u00e9cheresses de 2003 et 2005 et pour l\u2019ensemble de la France. Nous proposons de combiner diff\u00e9rentes approches compl\u00e9mentaires : 1) une caract\u00e9risation fine des processus \u00e0 partir de mesures de flux compl\u00e9t\u00e9es de mesures \u00e9cophysiologiques pour les sites ateliers fran\u00e7ais, 2) une mod\u00e9lisation num\u00e9rique \u00e0 \u00ab haute r\u00e9solution \u00bb de la r\u00e9ponse des flux de CO2 aux extr\u00eames climatiques, 3) des mesures de t\u00e9l\u00e9d\u00e9tection indicatrices des stress physiologiques et hydriques de la v\u00e9g\u00e9tation, et 4) des bilans de carbone \u00e0 grande \u00e9chelle d\u00e9duits des r\u00e9sultats d\u2019inversions atmosph\u00e9riques. Nous \u00e9tudierons la p\u00e9riode 1995-2005 marqu\u00e9e par les deux s\u00e9cheresses exceptionnelles de 2003 et 2005.<\/p>\n<p>Pour mener \u00e0 bien cette \u00e9tude, nous nous appuierons tout d\u2019abord sur l\u2019analyse fine des mesures des flux turbulents de mati\u00e8re (CO2 et eau) et d\u2019\u00e9nergie pour 14 sites ateliers fran\u00e7ais, ainsi que des mesures \u00e9cophysiologiques li\u00e9s aux stocks et flux de carbone des sols et \u00e0 la croissance des plantes. Cette analyse conduira \u00e0 \u00e9tablir des bilans quantitatifs pour les effets des s\u00e9cheresses r\u00e9centes subies par les divers types de v\u00e9g\u00e9tation, for\u00eats et agrosyst\u00e8mes, en termes d\u2019anomalies de flux de carbone et d\u2019eau mais aussi de perte de productivit\u00e9 en mati\u00e8re s\u00e8che, en r\u00e9ponse aux variations des param\u00e8tres climatiques (temp\u00e9rature et humidit\u00e9 des sols).<\/p>\n<p>Nous utiliserons deux mod\u00e8les spatialis\u00e9s du cycle du carbone dans la v\u00e9g\u00e9tation et les sols : ISBA-A-gs et ORCHIDEE (incluant le mod\u00e8le de culture STICS et de prairies PaSIM). Les flux de carbone et d\u2019eau simul\u00e9s pour chacun des sites ateliers seront tout d\u2019abord compar\u00e9s aux observations des sites ateliers et les param\u00e9trisations du contr\u00f4le hydrique et thermique des flux de CO2 et d\u2019eau seront le cas \u00e9ch\u00e9ant ajust\u00e9s. Gr\u00e2ce aux donn\u00e9es climatiques de M\u00e9t\u00e9o-France, nous simulerons ensuite avec les deux mod\u00e8les les flux de carbone \u00e0 l\u2019\u00e9chelle nationale sur une maille de 8 km (10 fois plus \u00e9lev\u00e9e que celle des simulations courantes des flux de carbone Europ\u00e9en), pour la p\u00e9riode 1995-2005. Cette \u00e9chelle \u00ab fine \u00bb permet de mieux prendre en compte l\u2019h\u00e9t\u00e9rog\u00e9n\u00e9it\u00e9 de la surface et devient compatible avec l\u2019\u00e9chelle des mesures (t\u00e9l\u00e9d\u00e9tection et sites). Nous r\u00e9aliserons une analyse critique des diff\u00e9rences entre mod\u00e8les, ainsi qu\u2019une validation d\u00e9taill\u00e9e de chaque mod\u00e8le avec des mesures de t\u00e9l\u00e9d\u00e9tection sur l\u2019activit\u00e9 de la v\u00e9g\u00e9tation (fAPAR, LAI, stress hydrique) et de rendements agricoles. Pour finir une simulation \u00e0 plus basse r\u00e9solution sur l\u2019Europe depuis 1900 permettra de mettre en perspective les r\u00e9sultats obtenus sur la France par rapport au reste de l\u2019Europe, ainsi que la d\u00e9cennie 1995-2005 par rapport \u00e0 l\u2019ensemble du 20\u00e8me si\u00e8cle.<\/p>\n<p>Un dernier volet novateur de ce projet, consiste \u00e0 comparer la variabilit\u00e9 des bilans de carbone simul\u00e9s avec l\u2019inversion des concentrations atmosph\u00e9riques. Nous disposons du r\u00e9seau de mesure atmosph\u00e9rique ORE-RAMCES de 3 stations en continu, compl\u00e9t\u00e9 par 2 tours en 2005 et qui fait partie d\u2019un r\u00e9seau Europ\u00e9en co-financ\u00e9 par le programme CARBOEUROPE d\u2019environ 30 stations. Ce r\u00e9seau unique de part sa densit\u00e9 nous permettra de r\u00e9aliser une inversion des flux journaliers sur chaque point de grille du mod\u00e8le LMDz de l\u2019IPSL, en utilisant comme information additionnelle les flux simul\u00e9s et leur structure d\u2019erreurs spatio-temporelles. Les r\u00e9sultats moyenn\u00e9s sur de grandes r\u00e9gions seront compar\u00e9s aux flux estim\u00e9s par ISBA\u2013A-gs et ORCHIDEE.<\/p>\n<p>Notre objectif est donc de quantifier l\u2019impact de la variabilit\u00e9 du climat et l\u2019influence des extr\u00eames climatiques sur les bilans de carbone, en int\u00e9grant les connaissances acquises depuis l\u2019\u00e9chelle de l\u2019\u00e9cosyst\u00e8me jusqu&rsquo;\u00e0 l\u2019\u00e9chelle r\u00e9gionale. L\u2019approche que nous proposons a l\u2019avantage d\u2019inclure la variabilit\u00e9 climatique et \u00e9daphique dans le calcul explicite des flux avec une r\u00e9solution spatiale \u00e9lev\u00e9e sur la France m\u00e9tropolitaine (8 km), et un pas de temps (1 heure) compatible avec la variabilit\u00e9 des flux turbulents. Cette probl\u00e9matique de la \u00ab s\u00e9parabilit\u00e9 \u00bb des processus et de leur contribution \u00e0 la variabilit\u00e9 des flux biosph\u00e9riques sur diff\u00e9rentes \u00e9chelles de temps est au c\u0153ur du d\u00e9bat actuel sur la mise en place d\u2019une politique de r\u00e9duction des \u00e9missions de gaz \u00e0 effet de serre.<\/p>\n<div class=\"field field-type-textfield-field-coordination-apr\">\n<table>\n<tbody>\n<tr>\n<td class=\"field-label\">Coordinateur(s)<\/td>\n<td class=\"field-content\">\n<div class=\"field-item odd\">\n<p><a href=\"mailto:ciais@dsm-mail.saclay.cea.fr\" target=\"_blank\" rel=\"noopener noreferrer\">Philippe Ciais<\/a>, D. R. au CEA, responsable th\u00e8me Cycle Biog\u00e9ochimiques, LSCE, CEA Saclay<br \/>\n<a href=\"mailto:philippe.peylin@grignon.inra.fr\" target=\"_blank\" rel=\"noopener noreferrer\">Philippe Peylin<\/a>, C. R. au CNRS, laboratoire BioEMCO, INRA-INAPG<\/p>\n<\/div>\n<\/td>\n<\/tr>\n<\/tbody>\n<\/table>\n<\/div>\n<div class=\"field field-type-textfield-field-partenaire-apr\">\n<table>\n<tbody>\n<tr>\n<td class=\"field-label\">Partenaire(s)<\/td>\n<td class=\"field-content\">\n<div class=\"field-item odd\">\n<p>LSCE Laboratoire des Sciences du Climat et de l\u2019Environnment<br \/>\nBioEMCO UMR BioEMCo, Universit\u00e9 Paris 6, INRA-CNRS<br \/>\nLMD Laboratoire de M\u00e9t\u00e9orologie Dynamique<br \/>\nCESBIO Centre d&rsquo;Etudes Spatiales de la Biosph\u00e8re<br \/>\nFGEP-INRA Equipe Fonctionnement et Gestion de l&rsquo;Ecosyst\u00e8me Prairial<br \/>\nEEF UMR INRA-UHP 1137 Ecologie et Ecophysiologie Foresti\u00e8res,<br \/>\nEPHYSE Unit\u00e9 EPHYSE<br \/>\nDREAM Equipe DREAM CEFE-CNRS<br \/>\nESE D\u00e9partement d\u2019Ecophysiologie V\u00e9g\u00e9tale (Unit\u00e9 ESE, UMR 8079),<br \/>\nEGC UMR 1091 INRA\/INAPG Environnement et Grandes Cultures<br \/>\nCSE Unit\u00e9 INRA, Climat, Sol et Environnement<br \/>\nUEPF Unit\u00e9 d&rsquo;Ecophysiologie des Plantes Fourrag\u00e8res<\/p>\n<\/div>\n<\/td>\n<\/tr>\n<\/tbody>\n<\/table>\n<\/div>\n<div class=\"field field-type-textfield-field-financeur-apr\">\n<table>\n<tbody>\n<tr>\n<td class=\"field-label\">Financeur(s)<\/td>\n<td class=\"field-content\">\n<div class=\"field-item odd\">MEEDDM<\/div>\n<\/td>\n<\/tr>\n<\/tbody>\n<\/table>\n<\/div>\n<\/div>\n<\/div>\n","protected":false},"excerpt":{"rendered":"<p>Fichier(s) attach\u00e9(s) Pr\u00e9sentation du projet &#8211; ppt &#8211; Le rapport final de ce projet n&rsquo;est pas disponible &#8211; Le projet CARBO-FRANCE a pour objectif de quantifier l\u2019impact et de comprendre des \u00e9v\u00e8nements climatiques extr\u00eames&#46;&#46;&#46;<\/p>\n","protected":false},"author":1,"featured_media":0,"comment_status":"closed","ping_status":"open","sticky":false,"template":"","format":"standard","meta":{"_monsterinsights_skip_tracking":false,"_monsterinsights_sitenote_active":false,"_monsterinsights_sitenote_note":"","_monsterinsights_sitenote_category":0,"footnotes":""},"categories":[19,39,90],"tags":[],"class_list":["post-510","post","type-post","status-publish","format-standard","hentry","category-apr","category-apr-2005","category-les-projets-retenus-fr-apr-2005"],"_links":{"self":[{"href":"http:\/\/www.gip-ecofor.org\/gicc\/index.php?rest_route=\/wp\/v2\/posts\/510","targetHints":{"allow":["GET"]}}],"collection":[{"href":"http:\/\/www.gip-ecofor.org\/gicc\/index.php?rest_route=\/wp\/v2\/posts"}],"about":[{"href":"http:\/\/www.gip-ecofor.org\/gicc\/index.php?rest_route=\/wp\/v2\/types\/post"}],"author":[{"embeddable":true,"href":"http:\/\/www.gip-ecofor.org\/gicc\/index.php?rest_route=\/wp\/v2\/users\/1"}],"replies":[{"embeddable":true,"href":"http:\/\/www.gip-ecofor.org\/gicc\/index.php?rest_route=%2Fwp%2Fv2%2Fcomments&post=510"}],"version-history":[{"count":2,"href":"http:\/\/www.gip-ecofor.org\/gicc\/index.php?rest_route=\/wp\/v2\/posts\/510\/revisions"}],"predecessor-version":[{"id":1067,"href":"http:\/\/www.gip-ecofor.org\/gicc\/index.php?rest_route=\/wp\/v2\/posts\/510\/revisions\/1067"}],"wp:attachment":[{"href":"http:\/\/www.gip-ecofor.org\/gicc\/index.php?rest_route=%2Fwp%2Fv2%2Fmedia&parent=510"}],"wp:term":[{"taxonomy":"category","embeddable":true,"href":"http:\/\/www.gip-ecofor.org\/gicc\/index.php?rest_route=%2Fwp%2Fv2%2Fcategories&post=510"},{"taxonomy":"post_tag","embeddable":true,"href":"http:\/\/www.gip-ecofor.org\/gicc\/index.php?rest_route=%2Fwp%2Fv2%2Ftags&post=510"}],"curies":[{"name":"wp","href":"https:\/\/api.w.org\/{rel}","templated":true}]}}