{"id":522,"date":"2003-01-21T12:12:32","date_gmt":"2003-01-21T11:12:32","guid":{"rendered":"http:\/\/www.gip-ecofor.org\/gicc\/?p=522"},"modified":"2018-11-21T12:12:51","modified_gmt":"2018-11-21T11:12:51","slug":"impact-des-phenomenes-extremes-lies-au-changement-climatique-sur-les-hydro-systemes-mediterraneens-francais","status":"publish","type":"post","link":"http:\/\/www.gip-ecofor.org\/gicc\/?p=522","title":{"rendered":"Impact des ph\u00e9nom\u00e8nes extr\u00eames li\u00e9s au Changement Climatique sur les hydro-syst\u00e8mes m\u00e9diterran\u00e9ens fran\u00e7ais"},"content":{"rendered":"<h1 class=\"title\">Impact des ph\u00e9nom\u00e8nes extr\u00eames li\u00e9s au Changement Climatique sur les hydro-syst\u00e8mes m\u00e9diterran\u00e9ens fran\u00e7ais<\/h1>\n<div class=\"tabs\"><\/div>\n<div id=\"node-256\" class=\"node odd full-node node-type-projet_de_recherche\">\n<div class=\"meta\"><\/div>\n<div id=\"content-middle\">\n<div class=\"block-wrapper odd\">\n<div id=\"block-attachment_block-attachment_bloc\" class=\"block block-attachment_block \">\n<div class=\"content\">\n<table id=\"table_piece_jointe\" class=\"sticky-enabled sticky-table\">\n<tbody>\n<tr>\n<th>Fichier(s) attach\u00e9(s)<\/p>\n<hr \/>\n<\/th>\n<\/tr>\n<tr>\n<td>\n<ul>\n<li class=\"pdf\"><a href=\"http:\/\/www.gip-ecofor.org\/doc\/drupal\/gicc\/3Sabatier27mai.pdf\" target=\"_blank\" rel=\"noopener\">Pr\u00e9sentation du projet &#8211; ppt<\/a><\/li>\n<\/ul>\n<\/td>\n<\/tr>\n<tr>\n<td>\n<ul>\n<li class=\"pdf\"><a href=\"http:\/\/www.gip-ecofor.org\/doc\/drupal\/gicc\/2-03MoronSytheseRF.pdf\" target=\"_blank\" rel=\"noopener\">Rapport final r\u00e9sum\u00e9<\/a><\/li>\n<\/ul>\n<\/td>\n<\/tr>\n<tr>\n<td>\n<ul>\n<li class=\"pdf\"><a href=\"http:\/\/www.gip-ecofor.org\/doc\/drupal\/gicc\/2-03MoronRF.pdf\" target=\"_blank\" rel=\"noopener\">Rapport final <\/a><\/li>\n<\/ul>\n<\/td>\n<\/tr>\n<\/tbody>\n<\/table>\n<\/div>\n<\/div>\n<\/div>\n<\/div>\n<div class=\"content\">\n<p>Dans le prolongement des \u00e9tudes ant\u00e9rieures pilot\u00e9es par le GICC, en particulier des programmes IMFREX et MEDWATER, ce projet propose d&rsquo;analyser, \u00e0 l&rsquo;\u00e9chelle r\u00e9gionale du Golfe du Lion, l&rsquo;\u00e9volution des caract\u00e9ristiques des \u00e9v\u00e8nements extr\u00eames (temp\u00eates = fortes houles + surcotes), leurs impacts g\u00e9omorphologiques et hydrologiques sur les hydro-syst\u00e8mes littoraux et l&rsquo;application des politiques publiques \u00e0 ce probl\u00e8me. Cette recherche associe les sciences de la nature (climatologie, g\u00e9omorphologie, hydrologie) et les sciences sociales.<\/p>\n<p>Si l&rsquo;\u00e9l\u00e9vation eustatique du niveau marin constitue un enjeu majeur li\u00e9 au \u00a0\u00bb changement climatique \u00ab\u00a0, elle n&rsquo;a contribu\u00e9 au cours des derni\u00e8res d\u00e9cennies que pour 10% environ au recul du rivage dans le Golfe du Lion (Sabatier et Provansal, 2000). A l&rsquo;\u00e9chelle locale, les ph\u00e9nom\u00e8nes brutaux de forte intensit\u00e9 (temp\u00eates) constituent un danger plus important, aboutissant \u00e0 l&rsquo;\u00e9rosion des plages, \u00e0 la rupture du cordon dunaire et \u00e0 la submersion des zones c\u00f4ti\u00e8res basses, mena\u00e7ant les hydro-syst\u00e8mes lagunaires. En raison de l&rsquo;occupation de plus en plus importante des espaces c\u00f4tiers et de leur r\u00f4le dans le d\u00e9veloppement \u00e9conomique, il devient important de mieux caract\u00e9riser les risques c\u00f4tiers et de fournir une base scientifique \u00e0 l&rsquo;\u00e9tablissement des PPRL (Plans de Pr\u00e9vision des Risques Littoraux).<\/p>\n<p>Il est g\u00e9n\u00e9ralement admis que le changement climatique devrait augmenter la fr\u00e9quence et l&rsquo;intensit\u00e9 des temp\u00eates, mais de nombreuses incertitudes subsistent \u00e0 l&rsquo;\u00e9chelle r\u00e9gionale aux moyennes latitudes, en raison de la variabilit\u00e9 entre les diff\u00e9rents mod\u00e8les climatiques (Houghton et al., 1995). Si une tendance au renforcement des \u00e9v\u00e8nements extr\u00eames a \u00e9t\u00e9 mise en \u00e9vidence dans l&rsquo;Atlantique Nord et dans la mer du Nord pendant les derni\u00e8res d\u00e9cennies (Lamb, 1991, Warrick et al., 1993, Costa, 1997, H\u00e9quette et Vasseur, 1998), l&rsquo;\u00e9volution est moins nette en M\u00e9diterran\u00e9e (Bruzzi, 1998).<br \/>\nElle fera l&rsquo;objet d&rsquo;une analyse pr\u00e9cise dans ce projet, sur la base d&rsquo;une recherche des relations contemporaines (au XX\u00e8me si\u00e8cle) entre les conditions m\u00e9t\u00e9orologiques (vent et pression notamment) et les donn\u00e9es de houle\/surcotes \u00e0 plusieurs \u00e9chelles temporelles (inter-annuelle \u00e0 pluri-d\u00e9cennale). La comparaison de plusieurs enregistrements (Port-Vendres, Marseille, Grau de la Dent, S\u00e8te) permettra de d\u00e9gager le signal \u00a0\u00bb r\u00e9gional \u00a0\u00bb et d&rsquo;estimer les particularit\u00e9s locales. Les relations mises en \u00e9vidence permettront de proposer des sc\u00e9narii d&rsquo;\u00e9volution des houles\/surcotes \u00e0 partir des champs de pression et de vent issus des int\u00e9grations des mod\u00e8les de circulation g\u00e9n\u00e9rale (MCG) forc\u00e9s par l&rsquo;augmentation des gaz \u00e0 effet de serre. Plusieurs versions de diff\u00e9rents MCG (M\u00e9t\u00e9o-France, Hadley Centre) seront utilis\u00e9es afin de d\u00e9terminer la r\u00e9ponse la plus robuste des houles \/ surcotes au changement climatique pr\u00e9vu \u00e0 l&rsquo;horizon 2050-2100.<\/p>\n<p>Les conditions de la r\u00e9ponse morphologique c\u00f4ti\u00e8re (vitesse de recul, fr\u00e9quence des submersions) sont encore mal connues : peut-on d\u00e9finir un niveau-seuil d&rsquo;intensit\u00e9 morphog\u00e9nique, la fr\u00e9quence des niveau de submersion ? \u00e0 partir de quelle intensit\u00e9, les impacts d&rsquo;un \u00e9v\u00e9nement sont-ils irr\u00e9versible ? est-ce la fr\u00e9quence des \u00e9v\u00e8nements ou leur amplitude qui est la plus efficace ? Les donn\u00e9es accumul\u00e9es sur le littoral m\u00e9diterran\u00e9en (Suanez, 1997, Bruzzi, 1998, Sabatier, 2001, Certain, 2002) permettent aujourd&rsquo;hui de rechercher une corr\u00e9lation entre les for\u00e7ages m\u00e9t\u00e9orologiques r\u00e9gionaux\/locaux et l&rsquo;alea g\u00e9omorphologique \u00e0 diff\u00e9rentes \u00e9chelles de temps (de l&rsquo;\u00e9v\u00e9nement \u00e0 la longue dur\u00e9e), afin de d\u00e9gager les effets de tendance, de stabilisation, voire de rechargement naturel et de d\u00e9terminer les seuils de fragilit\u00e9 des hydro-syst\u00e8mes c\u00f4tiers. Du point de vue hydraulique, le niveau marin est une charge hydraulique impos\u00e9e conditionnant les possibilit\u00e9s d&rsquo;\u00e9coulement de surface depuis ou vers le milieu lagunaire ; il conditionne \u00e9galement les flux de sel par la voie souterraine \u00e0 travers le biseau sal\u00e9, lorsque le niveau des \u00e9tangs est inf\u00e9rieur \u00e0 celui de la mer. La recherche analysera les conditions limites de gestion hydraulique du milieu dans un contexte hydro-climatique extr\u00eame, pour une r\u00e9flexion sur les am\u00e9nagements et\/ou r\u00e8gles de gestion hydrauliques \u00e0 pr\u00e9voir en r\u00e9ponse aux effets pr\u00e9visibles du changement climatique.<\/p>\n<p>Ces recherches ont des implications en termes d&rsquo;impacts socio-\u00e9conomiques et de gestion de la frange c\u00f4ti\u00e8re. La connaissance de l&rsquo;alea est en effet indispensable \u00e0 l&rsquo;\u00e9tablissement des PPR littoraux. On posera en particulier la question de l&rsquo;\u00e9valuation des dommages et de la recherche de politiques d&rsquo;adaptation, en termes de gestion int\u00e9gr\u00e9e des zones c\u00f4ti\u00e8res. Les am\u00e9nagements de d\u00e9fense c\u00f4ti\u00e8re ne peuvent pas \u00eatre r\u00e9alis\u00e9s sans la participation des populations concern\u00e9es. Le probl\u00e8me se pose en termes de gouvernance, notamment face \u00e0 des choix tels qu&rsquo;une protection \u00a0\u00bb s\u00e9curitaire \u00a0\u00bb ou adaptative (appuy\u00e9e sur les processus naturels). L&rsquo;\u00e9tude de ces processus suppose des enqu\u00eates de terrain tant aupr\u00e8s des responsables institutionnels et politiques que de la soci\u00e9t\u00e9 civile.<\/p>\n<p>Ce projet s&rsquo;inscrit dans le cadre d&rsquo;une Zone Atelier (ORME) et d&rsquo;un ORE (RESYST), qui fournissent un appui scientifique r\u00e9gional. Il a valoris\u00e9 des donn\u00e9es in\u00e9dites des Services Maritimes des Bouches du Rh\u00f4ne, du Languedoc-Roussillon, de l&rsquo;EID et du CEREGE.<\/p>\n<div class=\"field field-type-textfield-field-coordination-apr\">\n<table>\n<tbody>\n<tr>\n<td class=\"field-label\">Coordinateur(s)<\/td>\n<td class=\"field-content\">\n<div class=\"field-item odd\">\n<p><a href=\"mailto:moron@cerege.fr\" target=\"_parent\">Vincent MORON<\/a>, Universit\u00e9 Aix-marseille 1 &#8211; UMR 6635 CNRS-CEREGE<\/p>\n<\/div>\n<\/td>\n<\/tr>\n<\/tbody>\n<\/table>\n<\/div>\n<div class=\"field field-type-textfield-field-partenaire-apr\">\n<table>\n<tbody>\n<tr>\n<td class=\"field-label\">Partenaire(s)<\/td>\n<td class=\"field-content\">\n<div class=\"field-item odd\">\n<p>Universit\u00e9 Aix-Marseille 2 &#8211; UMR 6012 ESPACE, Equipe DESMID<br \/>\nFONDATION SANSOUIRE<br \/>\nEID-M\u00e9diterran\u00e9e<br \/>\nCentre d&rsquo;Etudes Techniques Maritimes et Fluviales &#8211; agence de Compi\u00e8gne<br \/>\nCETE-M\u00e9diterran\u00e9e<br \/>\nSMNLR<br \/>\nService Maritime des Bouches du Rh\u00f4ne<br \/>\nCentre d&rsquo;Etudes Techniques Maritimes et Fluviales &#8211; agence de Brest<br \/>\nParc Naturel R\u00e9gional de Camargue<\/p>\n<\/div>\n<\/td>\n<\/tr>\n<\/tbody>\n<\/table>\n<\/div>\n<div class=\"field field-type-textfield-field-financeur-apr\">\n<table>\n<tbody>\n<tr>\n<td class=\"field-label\">Financeur(s)<\/td>\n<td class=\"field-content\">\n<div class=\"field-item odd\">MEDD<\/div>\n<\/td>\n<\/tr>\n<\/tbody>\n<\/table>\n<\/div>\n<div class=\"field field-type-textfield-field-budget-apr\">\n<table>\n<tbody>\n<tr>\n<td class=\"field-label\">Budget<\/td>\n<td class=\"field-content\">\n<div class=\"field-item odd\">165 000 \u20ac TTC<\/div>\n<\/td>\n<\/tr>\n<\/tbody>\n<\/table>\n<\/div>\n<\/div>\n<\/div>\n","protected":false},"excerpt":{"rendered":"<p>Impact des ph\u00e9nom\u00e8nes extr\u00eames li\u00e9s au Changement Climatique sur les hydro-syst\u00e8mes m\u00e9diterran\u00e9ens fran\u00e7ais Fichier(s) attach\u00e9(s) Pr\u00e9sentation du projet &#8211; ppt Rapport final r\u00e9sum\u00e9 Rapport final Dans le prolongement des \u00e9tudes ant\u00e9rieures pilot\u00e9es par le&#46;&#46;&#46;<\/p>\n","protected":false},"author":1,"featured_media":0,"comment_status":"closed","ping_status":"open","sticky":false,"template":"","format":"standard","meta":{"_monsterinsights_skip_tracking":false,"_monsterinsights_sitenote_active":false,"_monsterinsights_sitenote_note":"","_monsterinsights_sitenote_category":0,"footnotes":""},"categories":[19,37,92],"tags":[],"class_list":["post-522","post","type-post","status-publish","format-standard","hentry","category-apr","category-apr-2003","category-les-projets-retenus-fr-apr-2003"],"_links":{"self":[{"href":"http:\/\/www.gip-ecofor.org\/gicc\/index.php?rest_route=\/wp\/v2\/posts\/522","targetHints":{"allow":["GET"]}}],"collection":[{"href":"http:\/\/www.gip-ecofor.org\/gicc\/index.php?rest_route=\/wp\/v2\/posts"}],"about":[{"href":"http:\/\/www.gip-ecofor.org\/gicc\/index.php?rest_route=\/wp\/v2\/types\/post"}],"author":[{"embeddable":true,"href":"http:\/\/www.gip-ecofor.org\/gicc\/index.php?rest_route=\/wp\/v2\/users\/1"}],"replies":[{"embeddable":true,"href":"http:\/\/www.gip-ecofor.org\/gicc\/index.php?rest_route=%2Fwp%2Fv2%2Fcomments&post=522"}],"version-history":[{"count":1,"href":"http:\/\/www.gip-ecofor.org\/gicc\/index.php?rest_route=\/wp\/v2\/posts\/522\/revisions"}],"predecessor-version":[{"id":523,"href":"http:\/\/www.gip-ecofor.org\/gicc\/index.php?rest_route=\/wp\/v2\/posts\/522\/revisions\/523"}],"wp:attachment":[{"href":"http:\/\/www.gip-ecofor.org\/gicc\/index.php?rest_route=%2Fwp%2Fv2%2Fmedia&parent=522"}],"wp:term":[{"taxonomy":"category","embeddable":true,"href":"http:\/\/www.gip-ecofor.org\/gicc\/index.php?rest_route=%2Fwp%2Fv2%2Fcategories&post=522"},{"taxonomy":"post_tag","embeddable":true,"href":"http:\/\/www.gip-ecofor.org\/gicc\/index.php?rest_route=%2Fwp%2Fv2%2Ftags&post=522"}],"curies":[{"name":"wp","href":"https:\/\/api.w.org\/{rel}","templated":true}]}}