{"id":560,"date":"2002-01-21T12:41:55","date_gmt":"2002-01-21T11:41:55","guid":{"rendered":"http:\/\/www.gip-ecofor.org\/gicc\/?p=560"},"modified":"2021-12-16T17:46:54","modified_gmt":"2021-12-16T16:46:54","slug":"modelisation-integree-des-composantes-economique-et-biophysique-des-production-vegetales-en-relation-avec-le-changement-climatique","status":"publish","type":"post","link":"http:\/\/www.gip-ecofor.org\/gicc\/?p=560","title":{"rendered":"Mod\u00e9lisation int\u00e9gr\u00e9e des composantes \u00e9conomique et biophysique des production v\u00e9g\u00e9tales en relation avec le changement climatique"},"content":{"rendered":"<h1 class=\"title\">APR 2002 &#8211; projet 10<\/h1>\n<div class=\"tabs\"><\/div>\n<div id=\"node-208\" class=\"node odd full-node node-type-projet_de_recherche\">\n<div class=\"meta\"><\/div>\n<div id=\"content-middle\">\n<div class=\"block-wrapper odd\">\n<div id=\"block-attachment_block-attachment_bloc\" class=\"block block-attachment_block \">\n<div class=\"content\">\n<table id=\"table_piece_jointe\" class=\"sticky-enabled sticky-table\">\n<tbody>\n<tr>\n<th>Fichier(s) attach\u00e9(s)<\/p>\n<hr \/>\n<\/th>\n<\/tr>\n<tr>\n<td>\n<ul>\n<li class=\"pdf\"><a href=\"http:\/\/www.gip-ecofor.org\/gicc\/wp-content\/uploads\/2021\/12\/Projet10_rapport_resume_Jayet.pdf\" target=\"_blank\" rel=\"noopener noreferrer\">Rapport final r\u00e9sum\u00e9<\/a><\/li>\n<\/ul>\n<\/td>\n<\/tr>\n<tr>\n<td>\n<ul>\n<li class=\"pdf\"><a href=\"http:\/\/www.gip-ecofor.org\/gicc\/wp-content\/uploads\/2021\/12\/Projet10_rapport_final_Jayet.pdf\" target=\"_blank\" rel=\"noopener noreferrer\">Rapport final<\/a><\/li>\n<\/ul>\n<\/td>\n<\/tr>\n<\/tbody>\n<\/table>\n<\/div>\n<\/div>\n<\/div>\n<\/div>\n<div class=\"content\">\n<p>Le pr\u00e9sent projet s&rsquo;inscrit dans la continuit\u00e9 de deux projets financ\u00e9s dans le cadre des APR GICC 1999 et 2001, et dans une perspective de mod\u00e9lisation int\u00e9gr\u00e9e mobilisant mod\u00e8les et donn\u00e9es micro-\u00e9conomiques et agronomiques.<\/p>\n<p>Les deux pr\u00e9c\u00e9dents projets, financ\u00e9s par le programme GICC du MATE, ont mis en avant une approche micro-\u00e9conomique, avec le souci d&rsquo;int\u00e9grer des \u00e9l\u00e9ments de mod\u00e9lisation provenant de l&rsquo;agronomie et de la zootechnie. L&rsquo;un des points clefs est la possibilit\u00e9 de mod\u00e9liser, \u00e0 une \u00e9chelle compatible avec une prise de d\u00e9cision \u00e9conomique, la relation entre des intrants (engrais organiques ou min\u00e9raux) et les rendements des cultures. Le d\u00e9veloppement de la capacit\u00e9 \u00e0 mobiliser de fa\u00e7on coh\u00e9rente et \u00e0 l&rsquo;\u00e9chelle des exploitations types de l&rsquo;UE, des bases de donn\u00e9es organis\u00e9es actuellement de mani\u00e8re diverse, et couvrant diff\u00e9rents domaines (syst\u00e8mes \u00e9conomiques, sol, climat, ph\u00e9nologie) constitue l&rsquo;autre enjeu principal. Le pr\u00e9sent projet vise \u00e0 se donner les moyens d&rsquo;une mod\u00e9lisation \u00e9conomique s&rsquo;appuyant mieux et plus syst\u00e9matiquement sur un mod\u00e8le agronomique scientifiquement valid\u00e9, adaptable aux diff\u00e9rents syst\u00e8mes types d&rsquo;exploitation agricole pr\u00e9sents dans l&rsquo;UE.<\/p>\n<p>Le mod\u00e8le \u00e9conomique utilis\u00e9 est le mod\u00e8le d&rsquo;offre agricole AROPAj maintenant \u00e9tendu \u00e0 l&rsquo;UE \u00e0 15, il sera coupl\u00e9 au mod\u00e8le agronomique STICS. Le premier des projets amont, achev\u00e9, montre dans quelle mesure il est possible de conduire une analyse \u00e9conomique de l&rsquo;effet de serre d&rsquo;origine agricole depuis l&rsquo;exploitation agricole type jusqu&rsquo;aux Etats de l&rsquo;UE.<br \/>\nDans le m\u00eame temps, une premi\u00e8re \u00e9tape vers la faisabilit\u00e9 du couplage entre un mod\u00e8le micro-\u00e9conomique et un mod\u00e8le agronomique a \u00e9t\u00e9 abord\u00e9e.<\/p>\n<p>L&rsquo;autre projet doit contribuer \u00e0 progresser dans la repr\u00e9sentation g\u00e9ographique des r\u00e9sultats \u00e9conomiques en relation avec des crit\u00e8res p\u00e9do-climatiques, qui soit accessible aux d\u00e9cideurs publics des politiques agri-environnementales. L&rsquo;acc\u00e8s \u00e0 des informations tr\u00e8s compl\u00e8tes, relevant des diff\u00e9rents domaines requis par la mod\u00e9lisation, s&rsquo;av\u00e8re actuellement possible.<br \/>\nDemeurent cependant des probl\u00e8mes de g\u00e9o-r\u00e9f\u00e9rencement et d&rsquo;harmonisation. Ainsi, le R\u00e9seau d&rsquo;Information Comptable Agricole fournit des donn\u00e9es micro-\u00e9conomiques pour chaque exploitation agricole type au sein des r\u00e9gions administratives europ\u00e9ennes, ces exploitations virtuelles n&rsquo;\u00e9tant pas localisables. D&rsquo;un autre c\u00f4t\u00e9, les donn\u00e9es des bases \u00absol\u00bb et \u00abclimat\u00bb (source Centre Commun de Recherche d&rsquo;Ispra, Italie) sont disponibles \u00e0 des \u00e9chelles diff\u00e9rentes et distinctes entre elles, ce qui ne rend pas ais\u00e9 l&rsquo;attribution de caract\u00e9ristiques physiques aux exploitations agricoles types retenues par le mod\u00e8le \u00e9conomique.<\/p>\n<p>Via l&rsquo;utilisation de syst\u00e8mes d&rsquo;information g\u00e9ographique, les auteurs ont tent\u00e9 d&rsquo;harmoniser ces diverses sources de donn\u00e9es. cela a permis d&rsquo;\u00e9laborer des fonctions de r\u00e9ponse des rendements des cultures vis \u00e0 vis des intrants pour les principales productions v\u00e9g\u00e9tales et pour les principaux syst\u00e8mes types de production agricole de l&rsquo;UE, avec l&rsquo;id\u00e9e de progresser dans les mesures de sensibilit\u00e9 de ces fonctions vis \u00e0 vis de certains des m\u00e9canismes li\u00e9s au changement climatique. Enfin, les mod\u00e8les d\u00e9velopp\u00e9s dans le cadre de ce projet sont con\u00e7us de fa\u00e7on \u00e0 s&rsquo;\u00e9tendre \u00e0 moindre co\u00fbt aux Pays rejoignant l&rsquo;UE. La plupart des donn\u00e9es sont en effet disponibles ou le seront \u00e0 court terme pour les pays candidats \u00e0 l&rsquo;int\u00e9gration dans l&rsquo;UE (c&rsquo;est en particulier le cas pour le RICA (Pays Baltes, Hongrie, &#8230;), ainsi que pour les donn\u00e9es \u00absol\u00bb et \u00abclimat\u00bb , et \u00abph\u00e9nologie\u00bb).<\/p>\n<div class=\"field field-type-textfield-field-coordination-apr\">\n<table>\n<tbody>\n<tr>\n<td class=\"field-label\">Coordinateur(s)<\/td>\n<td class=\"field-content\">\n<div class=\"field-item odd\">\n<p><a href=\"http:\/\/www2.gip-ecofor.org\/publi\/jayet@grignon.inra.fr\" target=\"_blank\" rel=\"noopener noreferrer\">Pierre-Alain Jayet<\/a>, INRA &#8211; Economie et Sociologie Rurale<\/p>\n<\/div>\n<\/td>\n<\/tr>\n<\/tbody>\n<\/table>\n<\/div>\n<div class=\"field field-type-textfield-field-partenaire-apr\">\n<table>\n<tbody>\n<tr>\n<td class=\"field-label\">Partenaire(s)<\/td>\n<td class=\"field-content\">\n<div class=\"field-item odd\">\n<p>INRA &#8211; Centre d&rsquo;Avignon<br \/>\nINRA &#8211; Centre d&rsquo;Orl\u00e9ans<\/p>\n<\/div>\n<\/td>\n<\/tr>\n<\/tbody>\n<\/table>\n<\/div>\n<div class=\"field field-type-textfield-field-financeur-apr\">\n<table>\n<tbody>\n<tr>\n<td class=\"field-label\">Financeur(s)<\/td>\n<td class=\"field-content\">\n<div class=\"field-item odd\">MEDD<\/div>\n<\/td>\n<\/tr>\n<\/tbody>\n<\/table>\n<\/div>\n<div class=\"field field-type-textfield-field-budget-apr\">\n<table>\n<tbody>\n<tr>\n<td class=\"field-label\">Budget<\/td>\n<td class=\"field-content\">\n<div class=\"field-item odd\">80000<\/div>\n<\/td>\n<\/tr>\n<\/tbody>\n<\/table>\n<\/div>\n<\/div>\n<\/div>\n","protected":false},"excerpt":{"rendered":"<p>APR 2002 &#8211; projet 10 Fichier(s) attach\u00e9(s) Rapport final r\u00e9sum\u00e9 Rapport final Le pr\u00e9sent projet s&rsquo;inscrit dans la continuit\u00e9 de deux projets financ\u00e9s dans le cadre des APR GICC 1999 et 2001, et dans&#46;&#46;&#46;<\/p>\n","protected":false},"author":1,"featured_media":0,"comment_status":"closed","ping_status":"open","sticky":false,"template":"","format":"standard","meta":{"_monsterinsights_skip_tracking":false,"_monsterinsights_sitenote_active":false,"_monsterinsights_sitenote_note":"","_monsterinsights_sitenote_category":0,"footnotes":""},"categories":[19,35,96],"tags":[],"class_list":["post-560","post","type-post","status-publish","format-standard","hentry","category-apr","category-apr-2002","category-les-projets-retenus-fr-apr-2002"],"_links":{"self":[{"href":"http:\/\/www.gip-ecofor.org\/gicc\/index.php?rest_route=\/wp\/v2\/posts\/560","targetHints":{"allow":["GET"]}}],"collection":[{"href":"http:\/\/www.gip-ecofor.org\/gicc\/index.php?rest_route=\/wp\/v2\/posts"}],"about":[{"href":"http:\/\/www.gip-ecofor.org\/gicc\/index.php?rest_route=\/wp\/v2\/types\/post"}],"author":[{"embeddable":true,"href":"http:\/\/www.gip-ecofor.org\/gicc\/index.php?rest_route=\/wp\/v2\/users\/1"}],"replies":[{"embeddable":true,"href":"http:\/\/www.gip-ecofor.org\/gicc\/index.php?rest_route=%2Fwp%2Fv2%2Fcomments&post=560"}],"version-history":[{"count":3,"href":"http:\/\/www.gip-ecofor.org\/gicc\/index.php?rest_route=\/wp\/v2\/posts\/560\/revisions"}],"predecessor-version":[{"id":1129,"href":"http:\/\/www.gip-ecofor.org\/gicc\/index.php?rest_route=\/wp\/v2\/posts\/560\/revisions\/1129"}],"wp:attachment":[{"href":"http:\/\/www.gip-ecofor.org\/gicc\/index.php?rest_route=%2Fwp%2Fv2%2Fmedia&parent=560"}],"wp:term":[{"taxonomy":"category","embeddable":true,"href":"http:\/\/www.gip-ecofor.org\/gicc\/index.php?rest_route=%2Fwp%2Fv2%2Fcategories&post=560"},{"taxonomy":"post_tag","embeddable":true,"href":"http:\/\/www.gip-ecofor.org\/gicc\/index.php?rest_route=%2Fwp%2Fv2%2Ftags&post=560"}],"curies":[{"name":"wp","href":"https:\/\/api.w.org\/{rel}","templated":true}]}}