{"id":578,"date":"2002-01-21T12:48:37","date_gmt":"2002-01-21T11:48:37","guid":{"rendered":"http:\/\/www.gip-ecofor.org\/gicc\/?p=578"},"modified":"2021-12-16T17:15:06","modified_gmt":"2021-12-16T16:15:06","slug":"etude-des-politiques-economiques-destinees-a-promouvoir-la-sequestration-du-carbone-dans-les-sols-agricoles","status":"publish","type":"post","link":"http:\/\/www.gip-ecofor.org\/gicc\/?p=578","title":{"rendered":"Etude des politiques \u00e9conomiques destin\u00e9es \u00e0 promouvoir la s\u00e9questration du carbone dans les sols agricoles"},"content":{"rendered":"<h1 class=\"title\">APR 2002 &#8211; projet 1<\/h1>\n<div class=\"tabs\"><\/div>\n<div id=\"node-226\" class=\"node odd full-node node-type-projet_de_recherche\">\n<div class=\"meta\"><\/div>\n<div class=\"content\">\n<p>Le Protocole de Kyoto reconna\u00eet explicitement la s\u00e9questration du carbone induite par l&rsquo;activit\u00e9 humaine &#8211; ou s\u00e9questration additionnelle, par opposition \u00e0 la s\u00e9questration naturelle &#8211; comme une fa\u00e7on d&rsquo;atteindre les objectifs l\u00e9galement contraignants concernant les \u00e9missions de gaz \u00e0 effet de serre. Il mentionne de fa\u00e7on sp\u00e9cifique les \u00e9missions provenant de sources et les absorptions par les puits r\u00e9sultant de changements volontaires dans l&rsquo;usage des sols et d&rsquo;activit\u00e9s li\u00e9es \u00e0 la for\u00eat : d\u00e9forestation, reforestation et afforestation. Plus pr\u00e9cis\u00e9ment en ce qui concerne la for\u00eat, compteront les accumulations de carbone dans les puits que sont les for\u00eats plant\u00e9es depuis 1990 sur des terrains qui n&rsquo;\u00e9taient pas auparavant bois\u00e9s. Mais le Protocole est silencieux sur le r\u00f4le d&rsquo;autres puits, et aussi sur la fa\u00e7on dont les cr\u00e9dits octroy\u00e9s pour r\u00e9mun\u00e9rer le service de s\u00e9questration de carbone pourraient \u00eatre calcul\u00e9s et sur la fa\u00e7on dont la r\u00e9alit\u00e9 du service pourrait \u00eatre v\u00e9rifi\u00e9e.<\/p>\n<p>Divers textes de l&rsquo;Union Europ\u00e9enne \u00e9voquent la s\u00e9questration additionnelle. On trouve par exemple dans le sixi\u00e8me programme communautaire d&rsquo;action pour l&rsquo;environnement (\u00a0\u00bb Environnement 2010 : notre avenir, notre choix \u00ab\u00a0) l&rsquo;indication &#8211; certes relativement vague &#8211; suivante : \u00a0\u00bb &#8230; la s\u00e9questration de carbone devrait \u00eatre exploit\u00e9e \u00e0 l&rsquo;aide de techniques qui am\u00e9liorent les puits \u00e0 carbone en agriculture et en sylviculture, et \u00e0 l&rsquo;aide de l&rsquo;utilisation de produits \u00e0 base de bois dans la construction et dans l&rsquo;industrie&#8230; \u00ab\u00a0.<br \/>\nIl est donc important de mener d\u00e8s \u00e0 pr\u00e9sent des \u00e9tudes pour pr\u00e9parer \u00e0 la d\u00e9cision publique dans ce domaine, d&rsquo;autant plus que la France enregistre en cette mati\u00e8re un retard certain par rapport \u00e0 d&rsquo;autres pays, et notamment les Etats-Unis (voir la bibliographie, qui fait \u00e9tat de travaux presque exclusivement nord-am\u00e9ricains).<\/p>\n<p>Ce projet de recherche s&rsquo;inscrit dans le th\u00e8me 2 de l&rsquo;APR (\u00a0\u00bb Les strat\u00e9gies de r\u00e9duction des \u00e9missions \u00ab\u00a0), et plus pr\u00e9cis\u00e9ment dans le point 2.3 concernant l&rsquo;agriculture et l&rsquo;am\u00e9nagement du territoire, ainsi que dans le th\u00e8me 4 (\u00a0\u00bb La s\u00e9questration du carbone dans le contexte de la convention climat \u00ab\u00a0), et plus pr\u00e9cis\u00e9ment dans le point 4.2 concernant les incidences des changements d&rsquo;affectation des sols. Nous nous proposons de centrer notre recherche sur les instruments \u00e9conomiques destin\u00e9s \u00e0 promouvoir une s\u00e9questration additionnelle de carbone dans les sols agricoles, plut\u00f4t qu&rsquo;\u00e0 travers la conversion de terres agricoles en for\u00eats, qui ne nous semble pas tr\u00e8s prometteuse en France.<\/p>\n<p>L&rsquo;id\u00e9e sous-jacente \u00e0 l&rsquo;\u00e9tude des possibilit\u00e9s de s\u00e9questration additionnelle du carbone dans les sols agricoles est qu&rsquo;elle constituerait une fa\u00e7on relativement peu co\u00fbteuse pour combattre le changement climatique. Cette id\u00e9e serait particuli\u00e8rement pertinente pour la France, qui d&rsquo;une part dispose de superficies agricoles importantes, et d&rsquo;autre part, compte tenu du poids de l&rsquo;\u00e9lectricit\u00e9 d&rsquo;origine nucl\u00e9aire dans sa production d&rsquo;\u00e9nergie, dispose de faibles marges de man\u0153uvre en terme d&rsquo;abattement du carbone \u00e0 travers les choix \u00e9nerg\u00e9tiques.<\/p>\n<p>Il nous semble n\u00e9cessaire de pr\u00e9ciser cette id\u00e9e. Les co\u00fbts de la s\u00e9questration additionnelle vont varier fortement, en fonction des pratiques culturales alternatives envisag\u00e9es (modification des rotations, mise en place de cultures intercalaires, changement du mode de travail du sol, \u00e0 travers principalement la suppression du labour et son remplacement par le semis direct ou le travail simplifi\u00e9 du sol&#8230;), des caract\u00e9ristiques g\u00e9ographiques particuli\u00e8res des exploitations agricoles concern\u00e9es (localisation, nature du sol, climat, pr\u00e9c\u00e9dentes cultures&#8230;) et du type de production qu&rsquo;elles pratiquent. Les usages du sol ou les nouvelles pratiques n&rsquo;auront ni le m\u00eame int\u00e9r\u00eat ni la m\u00eame efficacit\u00e9 pour le stockage du carbone dans diff\u00e9rentes r\u00e9gions. Nous sommes donc en pr\u00e9sence de pratiques diverses aux cons\u00e9quences en terme de s\u00e9questration diverses, ce qui complique grandement la t\u00e2che d&rsquo;une politique \u00e9conomique destin\u00e9e \u00e0 inciter \u00e0 la s\u00e9questration. Nous ne proposons pas de nous livrer \u00e0 une \u00e9tude originale sur la diversit\u00e9 des co\u00fbts de la s\u00e9questration, mais simplement de recenser les r\u00e9sultats des travaux scientifiques existants, \u00e0 partir par exemple du travail d&rsquo;expertise r\u00e9alis\u00e9 par l&rsquo;INRA en 2002. Une fois les co\u00fbts de s\u00e9questration pr\u00e9cis\u00e9s, nous \u00e9tudierons les instruments de politique \u00e9conomique permettant d&rsquo;inciter \u00e0 la s\u00e9questration, et principalement les subventions et l&rsquo;octroi de cr\u00e9dits de carbone.<\/p>\n<div class=\"field field-type-textfield-field-coordination-apr\">\n<table>\n<tbody>\n<tr>\n<td class=\"field-label\">Coordinateur(s)<\/td>\n<td class=\"field-content\">\n<div class=\"field-item odd\">\n<p><a href=\"mailto:schubert@univ-paris1.fr\" target=\"_blank\" rel=\"noopener noreferrer\">Katheline Schubert<\/a>, CNRS &#8211; EUREQua<\/p>\n<\/div>\n<\/td>\n<\/tr>\n<\/tbody>\n<\/table>\n<\/div>\n<div class=\"field field-type-textfield-field-financeur-apr\">\n<table>\n<tbody>\n<tr>\n<td class=\"field-label\">Financeur(s)<\/td>\n<td class=\"field-content\">\n<div class=\"field-item odd\">MIES\/ADEME<\/div>\n<\/td>\n<\/tr>\n<\/tbody>\n<\/table>\n<\/div>\n<div class=\"field field-type-textfield-field-budget-apr\">\n<table>\n<tbody>\n<tr>\n<td class=\"field-label\">Budget<\/td>\n<td class=\"field-content\">\n<div class=\"field-item odd\">15000 \u20ac TTC<\/div>\n<\/td>\n<\/tr>\n<\/tbody>\n<\/table>\n<\/div>\n<\/div>\n<\/div>\n","protected":false},"excerpt":{"rendered":"<p>APR 2002 &#8211; projet 1 Le Protocole de Kyoto reconna\u00eet explicitement la s\u00e9questration du carbone induite par l&rsquo;activit\u00e9 humaine &#8211; ou s\u00e9questration additionnelle, par opposition \u00e0 la s\u00e9questration naturelle &#8211; comme une fa\u00e7on d&rsquo;atteindre&#46;&#46;&#46;<\/p>\n","protected":false},"author":1,"featured_media":0,"comment_status":"closed","ping_status":"open","sticky":false,"template":"","format":"standard","meta":{"_monsterinsights_skip_tracking":false,"_monsterinsights_sitenote_active":false,"_monsterinsights_sitenote_note":"","_monsterinsights_sitenote_category":0,"footnotes":""},"categories":[19,35,96],"tags":[],"class_list":["post-578","post","type-post","status-publish","format-standard","hentry","category-apr","category-apr-2002","category-les-projets-retenus-fr-apr-2002"],"_links":{"self":[{"href":"http:\/\/www.gip-ecofor.org\/gicc\/index.php?rest_route=\/wp\/v2\/posts\/578","targetHints":{"allow":["GET"]}}],"collection":[{"href":"http:\/\/www.gip-ecofor.org\/gicc\/index.php?rest_route=\/wp\/v2\/posts"}],"about":[{"href":"http:\/\/www.gip-ecofor.org\/gicc\/index.php?rest_route=\/wp\/v2\/types\/post"}],"author":[{"embeddable":true,"href":"http:\/\/www.gip-ecofor.org\/gicc\/index.php?rest_route=\/wp\/v2\/users\/1"}],"replies":[{"embeddable":true,"href":"http:\/\/www.gip-ecofor.org\/gicc\/index.php?rest_route=%2Fwp%2Fv2%2Fcomments&post=578"}],"version-history":[{"count":2,"href":"http:\/\/www.gip-ecofor.org\/gicc\/index.php?rest_route=\/wp\/v2\/posts\/578\/revisions"}],"predecessor-version":[{"id":1086,"href":"http:\/\/www.gip-ecofor.org\/gicc\/index.php?rest_route=\/wp\/v2\/posts\/578\/revisions\/1086"}],"wp:attachment":[{"href":"http:\/\/www.gip-ecofor.org\/gicc\/index.php?rest_route=%2Fwp%2Fv2%2Fmedia&parent=578"}],"wp:term":[{"taxonomy":"category","embeddable":true,"href":"http:\/\/www.gip-ecofor.org\/gicc\/index.php?rest_route=%2Fwp%2Fv2%2Fcategories&post=578"},{"taxonomy":"post_tag","embeddable":true,"href":"http:\/\/www.gip-ecofor.org\/gicc\/index.php?rest_route=%2Fwp%2Fv2%2Ftags&post=578"}],"curies":[{"name":"wp","href":"https:\/\/api.w.org\/{rel}","templated":true}]}}